{"id":15500,"date":"2021-03-06T17:11:03","date_gmt":"2021-03-06T20:11:03","guid":{"rendered":"http:\/\/www.centraldenoticias.com.ar\/?p=15500"},"modified":"2021-04-28T08:16:38","modified_gmt":"2021-04-28T11:16:38","slug":"informe-sanitario-18-positivos-nuevos-de-covid-y-31-altas","status":"publish","type":"post","link":"https:\/\/cdnoticias.com\/index.php\/2021\/03\/06\/informe-sanitario-18-positivos-nuevos-de-covid-y-31-altas\/","title":{"rendered":"Informe sanitario: 18 positivos nuevos de COVID y 31 altas"},"content":{"rendered":"<p>De esta forma, Olavarr\u00eda tiene 122 casos activos de la enfermedad. Fue una jornada con 81 testeos.<!--more--><\/p>\n<hr \/>\n<p>En la jornada de este s\u00e1bado, la <strong>Secretar\u00eda de Salud del Municipio inform\u00f3 un nuevo parte m\u00e9dico por COVID: se registraron 18 positivos y hubo 31 altas por la enfermedad.<\/strong><\/p>\n<p>&nbsp;<\/p>\n<p>Cabe se\u00f1alar que en las \u00faltimas 24 horas se realizaron<strong> 81 testeos y de ese total, 63 arrojaron saldo negativo.<\/strong><\/p>\n<p>&nbsp;<\/p>\n<blockquote><p>De los casos activos, 122, cabe se\u00f1alar que el promedio de edad es de 39 a\u00f1os.<\/p><\/blockquote>\n<p>&nbsp;<\/p>\n<p>En materia de ocupaci\u00f3n hospitalaria, <strong>hay cuatro personas internadas en el \u00e1rea de Terapia Intensiva del Hospital y otras cinco transitan la enfermedad en la denominada \u201cCl\u00ednica COVID\u201d.<\/strong><\/p>\n","protected":false},"excerpt":{"rendered":"<p>De esta forma, Olavarr\u00eda tiene 122 casos activos de la enfermedad. Fue una jornada con 81 testeos.<\/p>\n","protected":false},"author":2,"featured_media":3821,"comment_status":"closed","ping_status":"closed","sticky":false,"template":"","format":"standard","meta":{"_jetpack_memberships_contains_paid_content":false,"footnotes":""},"categories":[5,1],"tags":[],"class_list":["post-15500","post","type-post","status-publish","format-standard","has-post-thumbnail","hentry","category-informacion-general","category-portada"],"jetpack_featured_media_url":"https:\/\/i0.wp.com\/cdnoticias.com\/wp-content\/uploads\/2020\/10\/hospital-municipal.jpg?fit=4608%2C3072&ssl=1","jetpack_sharing_enabled":true,"_links":{"self":[{"href":"https:\/\/cdnoticias.com\/index.php\/wp-json\/wp\/v2\/posts\/15500","targetHints":{"allow":["GET"]}}],"collection":[{"href":"https:\/\/cdnoticias.com\/index.php\/wp-json\/wp\/v2\/posts"}],"about":[{"href":"https:\/\/cdnoticias.com\/index.php\/wp-json\/wp\/v2\/types\/post"}],"author":[{"embeddable":true,"href":"https:\/\/cdnoticias.com\/index.php\/wp-json\/wp\/v2\/users\/2"}],"replies":[{"embeddable":true,"href":"https:\/\/cdnoticias.com\/index.php\/wp-json\/wp\/v2\/comments?post=15500"}],"version-history":[{"count":0,"href":"https:\/\/cdnoticias.com\/index.php\/wp-json\/wp\/v2\/posts\/15500\/revisions"}],"wp:featuredmedia":[{"embeddable":true,"href":"https:\/\/cdnoticias.com\/index.php\/wp-json\/wp\/v2\/media\/3821"}],"wp:attachment":[{"href":"https:\/\/cdnoticias.com\/index.php\/wp-json\/wp\/v2\/media?parent=15500"}],"wp:term":[{"taxonomy":"category","embeddable":true,"href":"https:\/\/cdnoticias.com\/index.php\/wp-json\/wp\/v2\/categories?post=15500"},{"taxonomy":"post_tag","embeddable":true,"href":"https:\/\/cdnoticias.com\/index.php\/wp-json\/wp\/v2\/tags?post=15500"}],"curies":[{"name":"wp","href":"https:\/\/api.w.org\/{rel}","templated":true}]}}