{"id":15495,"date":"2021-03-06T16:59:52","date_gmt":"2021-03-06T19:59:52","guid":{"rendered":"http:\/\/www.centraldenoticias.com.ar\/?p=15495"},"modified":"2021-03-06T16:59:52","modified_gmt":"2021-03-06T19:59:52","slug":"vacuna-contra-el-covid-trabajadores-de-la-economia-popular-se-inscribieron","status":"publish","type":"post","link":"https:\/\/cdnoticias.com\/index.php\/2021\/03\/06\/vacuna-contra-el-covid-trabajadores-de-la-economia-popular-se-inscribieron\/","title":{"rendered":"Vacuna contra el COVID: trabajadores de la econom\u00eda popular se inscribieron"},"content":{"rendered":"<p>Fue un trabajo entre la Cooperativa Viento en Contra y el Centro de Acceso a la Justicia. Hubo una importante convocatoria.<!--more--><\/p>\n<hr \/>\n<p>En la ma\u00f1ana de este s\u00e1bado, <strong>en un trabajo en conjunto entre la Cooperativa Viento en Contra y el Centro de Acceso a la Justicia (CAJ), hubo una preinscripci\u00f3n a trabajadores y trabajadoras de la econom\u00eda popular para vacunarse contra el COVID.<\/strong><\/p>\n<p>&nbsp;<\/p>\n<p><img data-recalc-dims=\"1\" loading=\"lazy\" decoding=\"async\" class=\"alignnone size-full wp-image-15497\" src=\"https:\/\/i0.wp.com\/cdnoticias.com\/wp-content\/uploads\/2021\/03\/157113926_1777785542380878_625121481010400383_n.jpg?resize=720%2C474&#038;ssl=1\" alt=\"\" width=\"720\" height=\"474\" srcset=\"https:\/\/i0.wp.com\/cdnoticias.com\/wp-content\/uploads\/2021\/03\/157113926_1777785542380878_625121481010400383_n.jpg?w=720&amp;ssl=1 720w, https:\/\/i0.wp.com\/cdnoticias.com\/wp-content\/uploads\/2021\/03\/157113926_1777785542380878_625121481010400383_n.jpg?resize=300%2C198&amp;ssl=1 300w\" sizes=\"auto, (max-width: 720px) 100vw, 720px\" \/><\/p>\n<p>&nbsp;<\/p>\n<blockquote><p>La preinscripci\u00f3n se realiz\u00f3 en la sede de la Cooperativa ubicada en Bol\u00edvar 927, donde adem\u00e1s se realiz\u00f3 una campa\u00f1a de concientizaci\u00f3n y cuidados respecto a la pandemia.<\/p><\/blockquote>\n<p>&nbsp;<\/p>\n<p>Seg\u00fan los organizadores, <strong>la preinscripci\u00f3n (que finaliz\u00f3 a las 13 horas) tuvo una muy buena convocatoria.<\/strong><\/p>\n<p>&nbsp;<\/p>\n<p><img data-recalc-dims=\"1\" loading=\"lazy\" decoding=\"async\" class=\"alignnone size-full wp-image-15498\" src=\"https:\/\/i0.wp.com\/cdnoticias.com\/wp-content\/uploads\/2021\/03\/157183478_1777785379047561_442660353069181724_n.jpg?resize=720%2C541&#038;ssl=1\" alt=\"\" width=\"720\" height=\"541\" srcset=\"https:\/\/i0.wp.com\/cdnoticias.com\/wp-content\/uploads\/2021\/03\/157183478_1777785379047561_442660353069181724_n.jpg?w=720&amp;ssl=1 720w, https:\/\/i0.wp.com\/cdnoticias.com\/wp-content\/uploads\/2021\/03\/157183478_1777785379047561_442660353069181724_n.jpg?resize=300%2C225&amp;ssl=1 300w\" sizes=\"auto, (max-width: 720px) 100vw, 720px\" \/><\/p>\n<p>&nbsp;<\/p>\n<p>Se prev\u00e9 que a medida que transcurran los d\u00edas <strong>diversos trabajadores y trabajadoras de la econom\u00eda popular recurran a las diversas alternativas para anotarse y, de esta forma, sumarse a la campa\u00f1a de vacunaci\u00f3n<\/strong> que por ahora prev\u00e9 la aplicaci\u00f3n de dosis a \u201csectores objetivos\u201d.<\/p>\n","protected":false},"excerpt":{"rendered":"<p>Fue un trabajo entre la Cooperativa Viento en Contra y el Centro de Acceso a la Justicia. Hubo una importante<\/p>\n","protected":false},"author":2,"featured_media":15496,"comment_status":"closed","ping_status":"closed","sticky":false,"template":"","format":"standard","meta":{"_jetpack_memberships_contains_paid_content":false,"footnotes":""},"categories":[5,1],"tags":[],"class_list":["post-15495","post","type-post","status-publish","format-standard","has-post-thumbnail","hentry","category-informacion-general","category-portada"],"jetpack_featured_media_url":"https:\/\/i0.wp.com\/cdnoticias.com\/wp-content\/uploads\/2021\/03\/156965542_1777785182380914_3211103126112500522_n.jpg?fit=960%2C721&ssl=1","jetpack_sharing_enabled":true,"_links":{"self":[{"href":"https:\/\/cdnoticias.com\/index.php\/wp-json\/wp\/v2\/posts\/15495","targetHints":{"allow":["GET"]}}],"collection":[{"href":"https:\/\/cdnoticias.com\/index.php\/wp-json\/wp\/v2\/posts"}],"about":[{"href":"https:\/\/cdnoticias.com\/index.php\/wp-json\/wp\/v2\/types\/post"}],"author":[{"embeddable":true,"href":"https:\/\/cdnoticias.com\/index.php\/wp-json\/wp\/v2\/users\/2"}],"replies":[{"embeddable":true,"href":"https:\/\/cdnoticias.com\/index.php\/wp-json\/wp\/v2\/comments?post=15495"}],"version-history":[{"count":0,"href":"https:\/\/cdnoticias.com\/index.php\/wp-json\/wp\/v2\/posts\/15495\/revisions"}],"wp:featuredmedia":[{"embeddable":true,"href":"https:\/\/cdnoticias.com\/index.php\/wp-json\/wp\/v2\/media\/15496"}],"wp:attachment":[{"href":"https:\/\/cdnoticias.com\/index.php\/wp-json\/wp\/v2\/media?parent=15495"}],"wp:term":[{"taxonomy":"category","embeddable":true,"href":"https:\/\/cdnoticias.com\/index.php\/wp-json\/wp\/v2\/categories?post=15495"},{"taxonomy":"post_tag","embeddable":true,"href":"https:\/\/cdnoticias.com\/index.php\/wp-json\/wp\/v2\/tags?post=15495"}],"curies":[{"name":"wp","href":"https:\/\/api.w.org\/{rel}","templated":true}]}}