{"id":15488,"date":"2021-03-06T12:13:03","date_gmt":"2021-03-06T15:13:03","guid":{"rendered":"http:\/\/www.centraldenoticias.com.ar\/?p=15488"},"modified":"2021-03-06T12:13:03","modified_gmt":"2021-03-06T15:13:03","slug":"antonio-florencio-caballero-q-e-p-d","status":"publish","type":"post","link":"https:\/\/cdnoticias.com\/index.php\/2021\/03\/06\/antonio-florencio-caballero-q-e-p-d\/","title":{"rendered":"Antonio Florencio Caballero (Q.E.P.D.)"},"content":{"rendered":"<p>Falleci\u00f3 en Olavarr\u00eda el 6 de marzo a los 94 a\u00f1os. Sus hijos: Oscar y Roberto; sus hijos pol\u00edticos: Silvina y Mar\u00eda Esther; sus nietos: Martina, Juliana, Malena y Antonella; sus bisnietos y dem\u00e1s deudos participan su fallecimiento.<\/p>\n<p>&nbsp;<\/p>\n<p>Sus restos ser\u00e1n velados en Sala &#8220;D&#8221; de Espa\u00f1a 2942 (comienza 12:30) y ser\u00e1n inhumados este s\u00e1bado a las 14:30. Vecino de Pueblo Nuevo. Nacido en Olavarr\u00eda. Jubilado y Pensionado.<\/p>\n","protected":false},"excerpt":{"rendered":"<p>Falleci\u00f3 en Olavarr\u00eda el 6 de marzo a los 94 a\u00f1os. Sus hijos: Oscar y Roberto; sus hijos pol\u00edticos: Silvina<\/p>\n","protected":false},"author":5,"featured_media":0,"comment_status":"closed","ping_status":"closed","sticky":false,"template":"","format":"standard","meta":{"_jetpack_memberships_contains_paid_content":false,"footnotes":""},"categories":[10],"tags":[],"class_list":["post-15488","post","type-post","status-publish","format-standard","hentry","category-necrologicas"],"jetpack_featured_media_url":"","jetpack_sharing_enabled":true,"_links":{"self":[{"href":"https:\/\/cdnoticias.com\/index.php\/wp-json\/wp\/v2\/posts\/15488","targetHints":{"allow":["GET"]}}],"collection":[{"href":"https:\/\/cdnoticias.com\/index.php\/wp-json\/wp\/v2\/posts"}],"about":[{"href":"https:\/\/cdnoticias.com\/index.php\/wp-json\/wp\/v2\/types\/post"}],"author":[{"embeddable":true,"href":"https:\/\/cdnoticias.com\/index.php\/wp-json\/wp\/v2\/users\/5"}],"replies":[{"embeddable":true,"href":"https:\/\/cdnoticias.com\/index.php\/wp-json\/wp\/v2\/comments?post=15488"}],"version-history":[{"count":0,"href":"https:\/\/cdnoticias.com\/index.php\/wp-json\/wp\/v2\/posts\/15488\/revisions"}],"wp:attachment":[{"href":"https:\/\/cdnoticias.com\/index.php\/wp-json\/wp\/v2\/media?parent=15488"}],"wp:term":[{"taxonomy":"category","embeddable":true,"href":"https:\/\/cdnoticias.com\/index.php\/wp-json\/wp\/v2\/categories?post=15488"},{"taxonomy":"post_tag","embeddable":true,"href":"https:\/\/cdnoticias.com\/index.php\/wp-json\/wp\/v2\/tags?post=15488"}],"curies":[{"name":"wp","href":"https:\/\/api.w.org\/{rel}","templated":true}]}}