{"id":15456,"date":"2021-03-05T21:36:29","date_gmt":"2021-03-06T00:36:29","guid":{"rendered":"http:\/\/www.centraldenoticias.com.ar\/?p=15456"},"modified":"2021-03-06T08:01:41","modified_gmt":"2021-03-06T11:01:41","slug":"hcd-apostillas-de-una-inauguracion-signada-por-la-pandemia","status":"publish","type":"post","link":"https:\/\/cdnoticias.com\/index.php\/2021\/03\/05\/hcd-apostillas-de-una-inauguracion-signada-por-la-pandemia\/","title":{"rendered":"HCD: Apostillas de una inauguraci\u00f3n signada por la pandemia"},"content":{"rendered":"<p>Los tapabocas y diversas presencias fueron los protagonistas excluyentes. La ruptura del interbloque de Todos y la ubicaci\u00f3n de las bancas. Las caras y los enojos.<!--more--><\/p>\n<hr \/>\n<p><strong>Alexis Grierson<\/strong> \/ <a href=\"https:\/\/twitter.com\/alexisdechillar\" target=\"_blank\" rel=\"noopener\">@alexisdechillar\u00a0<\/a><\/p>\n<p><em>(del staff de Central de Noticias)\u00a0<\/em><\/p>\n<p>&nbsp;<\/p>\n<p>La <a href=\"https:\/\/cdnoticias.com\/index.php\/2021\/03\/05\/galli-la-aparicion-de-la-vacuna-trajo-una-luz-de-esperanza-para-este-2021\/\" target=\"_blank\" rel=\"noopener\">inauguraci\u00f3n de sesiones del HCD siempre deja m\u00e1s tela para cortar<\/a> que la que se oye en la voz del Intendente Municipal. <strong>Desde presencias, caras, debates y evaluaciones, Central de Noticias hizo un punteo de lo que dej\u00f3 esta particular sesi\u00f3n.<\/strong><\/p>\n<p>&nbsp;<\/p>\n<p>&#8211;<strong>El repaso<\/strong>: Galli mostr\u00f3 pr\u00e1cticamente<strong> todo el repaso de la pandemia en nuestra ciudad.<\/strong> Desde aquella controversia por los ciudadanos chinos que trabajan en una empresa local, hasta los d\u00edas que corren, entre la expectativa por una segunda ola de contagios o la reapertura definitiva de la ciudad.<\/p>\n<p>&nbsp;<\/p>\n<p><img data-recalc-dims=\"1\" loading=\"lazy\" decoding=\"async\" class=\"alignnone size-full wp-image-15457\" src=\"https:\/\/i0.wp.com\/cdnoticias.com\/wp-content\/uploads\/2021\/03\/inauguracion-sesiones-hcd-cdn4.jpg?resize=800%2C533&#038;ssl=1\" alt=\"\" width=\"800\" height=\"533\" srcset=\"https:\/\/i0.wp.com\/cdnoticias.com\/wp-content\/uploads\/2021\/03\/inauguracion-sesiones-hcd-cdn4.jpg?w=4608&amp;ssl=1 4608w, https:\/\/i0.wp.com\/cdnoticias.com\/wp-content\/uploads\/2021\/03\/inauguracion-sesiones-hcd-cdn4.jpg?resize=300%2C200&amp;ssl=1 300w, https:\/\/i0.wp.com\/cdnoticias.com\/wp-content\/uploads\/2021\/03\/inauguracion-sesiones-hcd-cdn4.jpg?resize=768%2C512&amp;ssl=1 768w, https:\/\/i0.wp.com\/cdnoticias.com\/wp-content\/uploads\/2021\/03\/inauguracion-sesiones-hcd-cdn4.jpg?resize=1024%2C683&amp;ssl=1 1024w, https:\/\/i0.wp.com\/cdnoticias.com\/wp-content\/uploads\/2021\/03\/inauguracion-sesiones-hcd-cdn4.jpg?resize=272%2C182&amp;ssl=1 272w, https:\/\/i0.wp.com\/cdnoticias.com\/wp-content\/uploads\/2021\/03\/inauguracion-sesiones-hcd-cdn4.jpg?w=1600&amp;ssl=1 1600w, https:\/\/i0.wp.com\/cdnoticias.com\/wp-content\/uploads\/2021\/03\/inauguracion-sesiones-hcd-cdn4.jpg?w=2400&amp;ssl=1 2400w\" sizes=\"auto, (max-width: 800px) 100vw, 800px\" \/><\/p>\n<p>&nbsp;<\/p>\n<p>&#8211;<strong>Felices los ni\u00f1os<\/strong>: El jefe comunal realiz\u00f3 un prometedor anuncio en materia de contacto social post pandemia. Dijo que,<strong> si la situaci\u00f3n epidemiol\u00f3gica lo permite, las fiestas populares volver\u00e1n a realizarse con la celebraci\u00f3n del D\u00eda del Ni\u00f1o, tradicionalmente organizada por MANO.<\/strong><\/p>\n<p>&nbsp;<\/p>\n<p>&#8211;<strong>Eseverri dijo presente<\/strong>: recibi\u00f3 una invitaci\u00f3n para participar del evento y no dudo.<strong> El ex intendente Jos\u00e9 Eseverri se sent\u00f3 en primera fila a escuchar las palabras del actual mandatario comunal<\/strong>. Se\u00f1al\u00f3 conformidad y pidi\u00f3 un rol \u201cm\u00e1s activo\u201d de los intendentes en lo que podr\u00eda llegar como segunda ola.<\/p>\n<p>&nbsp;<\/p>\n<p><img data-recalc-dims=\"1\" loading=\"lazy\" decoding=\"async\" class=\"alignnone size-full wp-image-15458\" src=\"https:\/\/i0.wp.com\/cdnoticias.com\/wp-content\/uploads\/2021\/03\/inauguracion-sesiones-hcd-cdn5.jpg?resize=800%2C533&#038;ssl=1\" alt=\"\" width=\"800\" height=\"533\" srcset=\"https:\/\/i0.wp.com\/cdnoticias.com\/wp-content\/uploads\/2021\/03\/inauguracion-sesiones-hcd-cdn5.jpg?w=4608&amp;ssl=1 4608w, https:\/\/i0.wp.com\/cdnoticias.com\/wp-content\/uploads\/2021\/03\/inauguracion-sesiones-hcd-cdn5.jpg?resize=300%2C200&amp;ssl=1 300w, https:\/\/i0.wp.com\/cdnoticias.com\/wp-content\/uploads\/2021\/03\/inauguracion-sesiones-hcd-cdn5.jpg?resize=768%2C512&amp;ssl=1 768w, https:\/\/i0.wp.com\/cdnoticias.com\/wp-content\/uploads\/2021\/03\/inauguracion-sesiones-hcd-cdn5.jpg?resize=1024%2C683&amp;ssl=1 1024w, https:\/\/i0.wp.com\/cdnoticias.com\/wp-content\/uploads\/2021\/03\/inauguracion-sesiones-hcd-cdn5.jpg?resize=272%2C182&amp;ssl=1 272w, https:\/\/i0.wp.com\/cdnoticias.com\/wp-content\/uploads\/2021\/03\/inauguracion-sesiones-hcd-cdn5.jpg?w=1600&amp;ssl=1 1600w, https:\/\/i0.wp.com\/cdnoticias.com\/wp-content\/uploads\/2021\/03\/inauguracion-sesiones-hcd-cdn5.jpg?w=2400&amp;ssl=1 2400w\" sizes=\"auto, (max-width: 800px) 100vw, 800px\" \/><\/p>\n<p>&nbsp;<\/p>\n<p>&#8211;<strong>Egger tambi\u00e9n<\/strong>: la senadora provincial \u2013que reemplaz\u00f3 al olavarriense D\u00e1lton J\u00e1uregui-<strong> Lucrecia Egger estuvo en la sesi\u00f3n y particip\u00f3 del discurso inaugural.<\/strong> Muchas \u201cflores\u201d a Galli, quien es mencionado como l\u00edder seccional, de una legisladora que \u00bfse juega la reelecci\u00f3n a la banca? <strong>As\u00ed lo parece indicar en el \u201cacuerdo\u201d Galli \u2013 Bertellys.<\/strong><\/p>\n<p>&nbsp;<\/p>\n<p><strong>-La ruptura definitiva<\/strong>: Corroborado de forma f\u00edsica,<strong> Germ\u00e1n Aramburu y Alicia Almada se mostraron por fuera del interbloque de Todos, con sus bancas a un costado formando el bloque \u201cRenovaci\u00f3n Peronista\u201d<\/strong>. El impacto visual ya fue notorio, y desde las dos partes se admiti\u00f3 que <em>\u201cera lo mejor\u201d<\/em> y que se iba a trabajar<em> \u201ccon mayor comodidad\u201d.<\/em> Incluso, se desliz\u00f3 que van a coincidir<em> \u201cen la mayor cantidad de votaciones\u201d.<\/em><\/p>\n<p>&nbsp;<\/p>\n<p><img data-recalc-dims=\"1\" loading=\"lazy\" decoding=\"async\" class=\"alignnone size-full wp-image-15460\" src=\"https:\/\/i0.wp.com\/cdnoticias.com\/wp-content\/uploads\/2021\/03\/inauguracion-sesiones-hcd-cdn7.jpg?resize=800%2C533&#038;ssl=1\" alt=\"\" width=\"800\" height=\"533\" srcset=\"https:\/\/i0.wp.com\/cdnoticias.com\/wp-content\/uploads\/2021\/03\/inauguracion-sesiones-hcd-cdn7.jpg?w=4608&amp;ssl=1 4608w, https:\/\/i0.wp.com\/cdnoticias.com\/wp-content\/uploads\/2021\/03\/inauguracion-sesiones-hcd-cdn7.jpg?resize=300%2C200&amp;ssl=1 300w, https:\/\/i0.wp.com\/cdnoticias.com\/wp-content\/uploads\/2021\/03\/inauguracion-sesiones-hcd-cdn7.jpg?resize=768%2C512&amp;ssl=1 768w, https:\/\/i0.wp.com\/cdnoticias.com\/wp-content\/uploads\/2021\/03\/inauguracion-sesiones-hcd-cdn7.jpg?resize=1024%2C683&amp;ssl=1 1024w, https:\/\/i0.wp.com\/cdnoticias.com\/wp-content\/uploads\/2021\/03\/inauguracion-sesiones-hcd-cdn7.jpg?resize=272%2C182&amp;ssl=1 272w, https:\/\/i0.wp.com\/cdnoticias.com\/wp-content\/uploads\/2021\/03\/inauguracion-sesiones-hcd-cdn7.jpg?w=1600&amp;ssl=1 1600w, https:\/\/i0.wp.com\/cdnoticias.com\/wp-content\/uploads\/2021\/03\/inauguracion-sesiones-hcd-cdn7.jpg?w=2400&amp;ssl=1 2400w\" sizes=\"auto, (max-width: 800px) 100vw, 800px\" \/><\/p>\n<p>&nbsp;<\/p>\n<p>&#8211;<strong>El enojo por los lugares<\/strong>: justamente, como hubo<em> \u201cseparaci\u00f3n\u201d<\/em> tambi\u00e9n <strong>hubo discordia por la redistribuci\u00f3n de bancas en el Concejo Deliberante. Es que se preve\u00eda que Aramburu y Almada se sentaran casi a la par de Victoria De Bellis (Cuidemos Olavarr\u00eda) pero finalmente terminaron detr\u00e1s de las bancas del radicalismo<\/strong>, Mart\u00edn Lastape (UCR) y Celeste Arouxet (Radicales para el Cambio) \u00bfHabr\u00e1 un nuevo cambio de cara a la primera sesi\u00f3n ordinaria del 11 de marzo?<\/p>\n<p>&nbsp;<\/p>\n<p><img data-recalc-dims=\"1\" loading=\"lazy\" decoding=\"async\" class=\"alignnone size-full wp-image-15459\" src=\"https:\/\/i0.wp.com\/cdnoticias.com\/wp-content\/uploads\/2021\/03\/inauguracion-sesiones-hcd-cdn6.jpg?resize=800%2C533&#038;ssl=1\" alt=\"\" width=\"800\" height=\"533\" srcset=\"https:\/\/i0.wp.com\/cdnoticias.com\/wp-content\/uploads\/2021\/03\/inauguracion-sesiones-hcd-cdn6.jpg?w=4608&amp;ssl=1 4608w, https:\/\/i0.wp.com\/cdnoticias.com\/wp-content\/uploads\/2021\/03\/inauguracion-sesiones-hcd-cdn6.jpg?resize=300%2C200&amp;ssl=1 300w, https:\/\/i0.wp.com\/cdnoticias.com\/wp-content\/uploads\/2021\/03\/inauguracion-sesiones-hcd-cdn6.jpg?resize=768%2C512&amp;ssl=1 768w, https:\/\/i0.wp.com\/cdnoticias.com\/wp-content\/uploads\/2021\/03\/inauguracion-sesiones-hcd-cdn6.jpg?resize=1024%2C683&amp;ssl=1 1024w, https:\/\/i0.wp.com\/cdnoticias.com\/wp-content\/uploads\/2021\/03\/inauguracion-sesiones-hcd-cdn6.jpg?resize=272%2C182&amp;ssl=1 272w, https:\/\/i0.wp.com\/cdnoticias.com\/wp-content\/uploads\/2021\/03\/inauguracion-sesiones-hcd-cdn6.jpg?w=1600&amp;ssl=1 1600w, https:\/\/i0.wp.com\/cdnoticias.com\/wp-content\/uploads\/2021\/03\/inauguracion-sesiones-hcd-cdn6.jpg?w=2400&amp;ssl=1 2400w\" sizes=\"auto, (max-width: 800px) 100vw, 800px\" \/><\/p>\n<p>&nbsp;<\/p>\n<p>&#8211;<strong>Las caras<\/strong>: algunos concejales, simplemente, no pueden disimular. <strong>Se mostr\u00f3 bastante enojo en el pasaje de Galli en materia de g\u00e9nero, y tambi\u00e9n en el repaso de la reactivaci\u00f3n de obras p\u00fablicas.<\/strong><em> \u201cEl discurso fue un relato imaginario\u201d<\/em> dijeron algunos ediles post sesi\u00f3n visiblemente enojados.<\/p>\n","protected":false},"excerpt":{"rendered":"<p>Los tapabocas y diversas presencias fueron los protagonistas excluyentes. La ruptura del interbloque de Todos y la ubicaci\u00f3n de las<\/p>\n","protected":false},"author":5,"featured_media":15461,"comment_status":"closed","ping_status":"closed","sticky":false,"template":"","format":"standard","meta":{"_jetpack_memberships_contains_paid_content":false,"footnotes":""},"categories":[4,1],"tags":[],"class_list":["post-15456","post","type-post","status-publish","format-standard","has-post-thumbnail","hentry","category-politica","category-portada"],"jetpack_featured_media_url":"https:\/\/i0.wp.com\/cdnoticias.com\/wp-content\/uploads\/2021\/03\/inauguracion-sesiones-hcd-cdn8.jpg?fit=4608%2C3072&ssl=1","jetpack_sharing_enabled":true,"_links":{"self":[{"href":"https:\/\/cdnoticias.com\/index.php\/wp-json\/wp\/v2\/posts\/15456","targetHints":{"allow":["GET"]}}],"collection":[{"href":"https:\/\/cdnoticias.com\/index.php\/wp-json\/wp\/v2\/posts"}],"about":[{"href":"https:\/\/cdnoticias.com\/index.php\/wp-json\/wp\/v2\/types\/post"}],"author":[{"embeddable":true,"href":"https:\/\/cdnoticias.com\/index.php\/wp-json\/wp\/v2\/users\/5"}],"replies":[{"embeddable":true,"href":"https:\/\/cdnoticias.com\/index.php\/wp-json\/wp\/v2\/comments?post=15456"}],"version-history":[{"count":0,"href":"https:\/\/cdnoticias.com\/index.php\/wp-json\/wp\/v2\/posts\/15456\/revisions"}],"wp:featuredmedia":[{"embeddable":true,"href":"https:\/\/cdnoticias.com\/index.php\/wp-json\/wp\/v2\/media\/15461"}],"wp:attachment":[{"href":"https:\/\/cdnoticias.com\/index.php\/wp-json\/wp\/v2\/media?parent=15456"}],"wp:term":[{"taxonomy":"category","embeddable":true,"href":"https:\/\/cdnoticias.com\/index.php\/wp-json\/wp\/v2\/categories?post=15456"},{"taxonomy":"post_tag","embeddable":true,"href":"https:\/\/cdnoticias.com\/index.php\/wp-json\/wp\/v2\/tags?post=15456"}],"curies":[{"name":"wp","href":"https:\/\/api.w.org\/{rel}","templated":true}]}}