{"id":15451,"date":"2021-03-05T21:06:19","date_gmt":"2021-03-06T00:06:19","guid":{"rendered":"http:\/\/www.centraldenoticias.com.ar\/?p=15451"},"modified":"2021-03-05T21:36:42","modified_gmt":"2021-03-06T00:36:42","slug":"reactivacion-de-obras-y-el-debate-por-el-transporte-interurbano-lo-destacado","status":"publish","type":"post","link":"https:\/\/cdnoticias.com\/index.php\/2021\/03\/05\/reactivacion-de-obras-y-el-debate-por-el-transporte-interurbano-lo-destacado\/","title":{"rendered":"Reactivaci\u00f3n de obras y el debate por el transporte interurbano, lo destacado"},"content":{"rendered":"<p>Los anuncios en materia de obra p\u00fablica no faltaron en el discurso de apertura de sesiones ordinarias del Concejo Deliberante. Obras en el Hospital, viviendas, extensi\u00f3n de redes de gas y agua, cloacas, pavimentaci\u00f3n, entre otras.<!--more--><\/p>\n<hr \/>\n<p>Hacia el final de su discurso en el marco de la <a href=\"https:\/\/cdnoticias.com\/index.php\/2021\/03\/05\/galli-la-aparicion-de-la-vacuna-trajo-una-luz-de-esperanza-para-este-2021\/\" target=\"_blank\" rel=\"noopener\">inauguraci\u00f3n de sesiones ordinarias del HCD, el intendente Ezequiel Galli<\/a> habl\u00f3 de la <strong>obra p\u00fablica y anunci\u00f3 la reactivaci\u00f3n en los pr\u00f3ximos d\u00edas de la primera etapa del nuevo edificio de Internaci\u00f3n y Servicio de Gastroenterolog\u00eda del Hospital Municipal<\/strong>.<em> \u201cProyectamos realizar mejoras en el \u00e1rea de cuidados cr\u00edticos, laboratorio, consultorios externos e internaci\u00f3n general\u201d<\/em>, afirm\u00f3.<\/p>\n<p>&nbsp;<\/p>\n<p><img data-recalc-dims=\"1\" loading=\"lazy\" decoding=\"async\" class=\"alignnone size-full wp-image-15452\" src=\"https:\/\/i0.wp.com\/cdnoticias.com\/wp-content\/uploads\/2021\/03\/inauguracion-sesiones-hcd-cdn1.jpg?resize=800%2C533&#038;ssl=1\" alt=\"\" width=\"800\" height=\"533\" srcset=\"https:\/\/i0.wp.com\/cdnoticias.com\/wp-content\/uploads\/2021\/03\/inauguracion-sesiones-hcd-cdn1.jpg?w=4608&amp;ssl=1 4608w, https:\/\/i0.wp.com\/cdnoticias.com\/wp-content\/uploads\/2021\/03\/inauguracion-sesiones-hcd-cdn1.jpg?resize=300%2C200&amp;ssl=1 300w, https:\/\/i0.wp.com\/cdnoticias.com\/wp-content\/uploads\/2021\/03\/inauguracion-sesiones-hcd-cdn1.jpg?resize=768%2C512&amp;ssl=1 768w, https:\/\/i0.wp.com\/cdnoticias.com\/wp-content\/uploads\/2021\/03\/inauguracion-sesiones-hcd-cdn1.jpg?resize=1024%2C683&amp;ssl=1 1024w, https:\/\/i0.wp.com\/cdnoticias.com\/wp-content\/uploads\/2021\/03\/inauguracion-sesiones-hcd-cdn1.jpg?resize=272%2C182&amp;ssl=1 272w, https:\/\/i0.wp.com\/cdnoticias.com\/wp-content\/uploads\/2021\/03\/inauguracion-sesiones-hcd-cdn1.jpg?w=1600&amp;ssl=1 1600w, https:\/\/i0.wp.com\/cdnoticias.com\/wp-content\/uploads\/2021\/03\/inauguracion-sesiones-hcd-cdn1.jpg?w=2400&amp;ssl=1 2400w\" sizes=\"auto, (max-width: 800px) 100vw, 800px\" \/><\/p>\n<p>&nbsp;<\/p>\n<p>Otro de los anuncios fue<strong> el inicio del Programa de Viviendas TU.VI.10 que implicar\u00e1 el comienzo de la construcci\u00f3n de 40 viviendas<\/strong>:<em> \u201c20 se construir\u00e1n bajo el sistema tradicional y 20 ser\u00e1n bajo el sistema de construcci\u00f3n industrializada\u201d.<\/em><\/p>\n<p>&nbsp;<\/p>\n<blockquote><p>Prometi\u00f3 seguir \u201cdando respuestas concretas con obras de infraestructura escolar, para que todos tengan la mejor calidad educativa, en las m\u00e1s \u00f3ptimas condiciones edilicias\u201d.<\/p><\/blockquote>\n<p>&nbsp;<\/p>\n<p>Relat\u00f3 el trabajo de la <strong>segunda etapa de la obra del Centro Deportivo Municipal, que consistir\u00e1 en la construcci\u00f3n de gradas, ba\u00f1os y vestuarios en la Pista de Atletismo.<\/strong><\/p>\n<p>&nbsp;<\/p>\n<p>Adem\u00e1s, asegur\u00f3 que se continuar\u00e1<em> \u201ccon los trabajos de hidr\u00e1ulica, acercando los servicios b\u00e1sicos esenciales a los barrios que a\u00fan esperan nuestra respuesta, con obras de extensi\u00f3n de redes de gas y agua, cloacas, pavimentaci\u00f3n y repavimentaci\u00f3n\u201d.<\/em><\/p>\n<p>&nbsp;<\/p>\n<p>Record\u00f3 que se encuentra en ejecuci\u00f3n la construcci\u00f3n de la Celda 5 del Relleno Sanitario e indic\u00f3 que <em>\u201ccomenzar\u00e1n las obras en la Planta de Reciclaje de Residuos\u201d.<\/em><\/p>\n<p>&nbsp;<\/p>\n<p>En lo referente a bromatolog\u00eda,<em> \u201cse pondr\u00e1 en marcha la tan esperada obra del \u201cHospital Veterinario Municipal\u201d nos comprometimos con la comunidad y vamos a cumplir\u201d.<\/em><\/p>\n<p>&nbsp;<\/p>\n<p><span style=\"text-decoration: underline;\"><strong>Localidades, transporte y fiestas populares<\/strong><\/span><\/p>\n<p>&nbsp;<\/p>\n<p><img data-recalc-dims=\"1\" loading=\"lazy\" decoding=\"async\" class=\"alignnone size-full wp-image-15454\" src=\"https:\/\/i0.wp.com\/cdnoticias.com\/wp-content\/uploads\/2021\/03\/inauguracion-sesiones-hcd-cdn3.jpg?resize=800%2C533&#038;ssl=1\" alt=\"\" width=\"800\" height=\"533\" srcset=\"https:\/\/i0.wp.com\/cdnoticias.com\/wp-content\/uploads\/2021\/03\/inauguracion-sesiones-hcd-cdn3.jpg?w=4608&amp;ssl=1 4608w, https:\/\/i0.wp.com\/cdnoticias.com\/wp-content\/uploads\/2021\/03\/inauguracion-sesiones-hcd-cdn3.jpg?resize=300%2C200&amp;ssl=1 300w, https:\/\/i0.wp.com\/cdnoticias.com\/wp-content\/uploads\/2021\/03\/inauguracion-sesiones-hcd-cdn3.jpg?resize=768%2C512&amp;ssl=1 768w, https:\/\/i0.wp.com\/cdnoticias.com\/wp-content\/uploads\/2021\/03\/inauguracion-sesiones-hcd-cdn3.jpg?resize=1024%2C683&amp;ssl=1 1024w, https:\/\/i0.wp.com\/cdnoticias.com\/wp-content\/uploads\/2021\/03\/inauguracion-sesiones-hcd-cdn3.jpg?resize=272%2C182&amp;ssl=1 272w, https:\/\/i0.wp.com\/cdnoticias.com\/wp-content\/uploads\/2021\/03\/inauguracion-sesiones-hcd-cdn3.jpg?w=1600&amp;ssl=1 1600w, https:\/\/i0.wp.com\/cdnoticias.com\/wp-content\/uploads\/2021\/03\/inauguracion-sesiones-hcd-cdn3.jpg?w=2400&amp;ssl=1 2400w\" sizes=\"auto, (max-width: 800px) 100vw, 800px\" \/><\/p>\n<p>&nbsp;<\/p>\n<p>Entre los anuncios realizados mencion\u00f3 la colocaci\u00f3n de c\u00e1maras de accesos en las localidades y el trabajo referido a zonificaci\u00f3n<em> \u201cpara darle un mejor ordenamiento territorial y a su vez, reducir los conflictos vecinales que se dan por las actividades primarias extractivas, de granja y de servicios\u201d.<\/em><\/p>\n<p>&nbsp;<\/p>\n<p>Respecto al transporte interurbano, record\u00f3 que en el 2022 vence la concesi\u00f3n del servicio. <em>\u201cVamos a poner en marcha un mecanismo de trabajo en el que se invitar\u00e1 al este Honorable cuerpo, a las delegaciones, las instituciones y los vecinos de las localidades a trav\u00e9s de encuentros programados y con frecuencia definida, para que todas las partes intervengan y tengan participaci\u00f3n en la discusi\u00f3n de propuestas y sugerencias adaptadas al contexto y necesidad de los usuarios\u201d.<\/em><\/p>\n<p>&nbsp;<\/p>\n<p>Tambi\u00e9n asegur\u00f3 que <em>\u201cestamos abriendo nuestros espacios culturales. Las fiestas populares, si la situaci\u00f3n epidemiol\u00f3gica lo permite, retomar\u00e1n en agosto con la fiesta del d\u00eda del ni\u00f1o\u201d.<\/em><\/p>\n<p>&nbsp;<\/p>\n<p><em>\u201cLe daremos impulso al <strong>Proyecto de Desarrollo Ferroviario lindero al Parque de Granos en el marco del Sector Industrial Planificado<\/strong>\u201d<\/em>. Explic\u00f3 que este desarrollo <em>\u201cpotenciar\u00e1 las inversiones del sector significativamente, posibilitando a m\u00e1s empresas agropecuarias el acceso a las v\u00edas para el transporte de cereales en tren, a trav\u00e9s de la creaci\u00f3n de una terminal de transferencia de uso com\u00fan\u201d.<\/em><\/p>\n<p>&nbsp;<\/p>\n<p>Se\u00f1al\u00f3 que enviar\u00e1n al HCD para su an\u00e1lisis <strong><em>\u201cel proyecto de Ordenanza para el fomento de inversi\u00f3n en el partido de Olavarr\u00eda a trav\u00e9s de la exenci\u00f3n de impuestos municipales\u201d.<\/em><\/strong><\/p>\n<p>&nbsp;<\/p>\n<p>Para concluir la exposici\u00f3n afirm\u00f3:<strong><em> \u201cel 2021 se sigue presentando incierto. Nuestros objetivos est\u00e1n claros: la salud, lo social y lo econ\u00f3mico siguen siendo las prioridades fundamentales\u201d<\/em><\/strong>. Y agreg\u00f3: <em>\u201cpero tambi\u00e9n queremos seguir reactivando y concretando nuevas obras para mejorarle la calidad de vida a los olavarrienses. Este es el camino que nos planteamos para un 2021 en el que tenemos la esperanza de ir saliendo de una situaci\u00f3n tan compleja y delicada como la del a\u00f1o pasado\u201d.<\/em><\/p>\n","protected":false},"excerpt":{"rendered":"<p>Los anuncios en materia de obra p\u00fablica no faltaron en el discurso de apertura de sesiones ordinarias del Concejo Deliberante.<\/p>\n","protected":false},"author":5,"featured_media":15453,"comment_status":"closed","ping_status":"closed","sticky":false,"template":"","format":"standard","meta":{"_jetpack_memberships_contains_paid_content":false,"footnotes":""},"categories":[4,1],"tags":[],"class_list":["post-15451","post","type-post","status-publish","format-standard","has-post-thumbnail","hentry","category-politica","category-portada"],"jetpack_featured_media_url":"https:\/\/i0.wp.com\/cdnoticias.com\/wp-content\/uploads\/2021\/03\/inauguracion-sesiones-hcd-cdn2.jpg?fit=4608%2C3072&ssl=1","jetpack_sharing_enabled":true,"_links":{"self":[{"href":"https:\/\/cdnoticias.com\/index.php\/wp-json\/wp\/v2\/posts\/15451","targetHints":{"allow":["GET"]}}],"collection":[{"href":"https:\/\/cdnoticias.com\/index.php\/wp-json\/wp\/v2\/posts"}],"about":[{"href":"https:\/\/cdnoticias.com\/index.php\/wp-json\/wp\/v2\/types\/post"}],"author":[{"embeddable":true,"href":"https:\/\/cdnoticias.com\/index.php\/wp-json\/wp\/v2\/users\/5"}],"replies":[{"embeddable":true,"href":"https:\/\/cdnoticias.com\/index.php\/wp-json\/wp\/v2\/comments?post=15451"}],"version-history":[{"count":0,"href":"https:\/\/cdnoticias.com\/index.php\/wp-json\/wp\/v2\/posts\/15451\/revisions"}],"wp:featuredmedia":[{"embeddable":true,"href":"https:\/\/cdnoticias.com\/index.php\/wp-json\/wp\/v2\/media\/15453"}],"wp:attachment":[{"href":"https:\/\/cdnoticias.com\/index.php\/wp-json\/wp\/v2\/media?parent=15451"}],"wp:term":[{"taxonomy":"category","embeddable":true,"href":"https:\/\/cdnoticias.com\/index.php\/wp-json\/wp\/v2\/categories?post=15451"},{"taxonomy":"post_tag","embeddable":true,"href":"https:\/\/cdnoticias.com\/index.php\/wp-json\/wp\/v2\/tags?post=15451"}],"curies":[{"name":"wp","href":"https:\/\/api.w.org\/{rel}","templated":true}]}}