{"id":15431,"date":"2021-03-05T17:06:43","date_gmt":"2021-03-05T20:06:43","guid":{"rendered":"http:\/\/www.centraldenoticias.com.ar\/?p=15431"},"modified":"2021-03-05T17:06:43","modified_gmt":"2021-03-05T20:06:43","slug":"jose-roberto-rodriguez-toti-q-e-p-d","status":"publish","type":"post","link":"https:\/\/cdnoticias.com\/index.php\/2021\/03\/05\/jose-roberto-rodriguez-toti-q-e-p-d\/","title":{"rendered":"Jos\u00e9 Roberto Rodr\u00edguez \u201cToti\u201d (Q.E.P.D.)"},"content":{"rendered":"<p>Falleci\u00f3 en Olavarr\u00eda el 5 de marzo de 2021 a los 71 a\u00f1os. La madre de sus hijos Araceli Gachen; sus hijos: Jos\u00e9 Luis, Mar\u00eda Luj\u00e1n, Andrea, Mariano, Marisol, Gustavo, Mar\u00eda Eugenia, Micaela y Victoria Rodr\u00edguez; sus hijos pol\u00edticos; sus nietos; sus bisnietos y dem\u00e1s deudos participan su fallecimiento.<\/p>\n<p>&nbsp;<\/p>\n<p>Sus restos ser\u00e1n velados en Sala &#8220;D&#8221; de Espa\u00f1a 2942 (s\u00e1bado 06\/03 de 8:30 a 10:30) e inhumados en el cementerio Loma de Paz a las 10:30. Vecino de barrio Roca Merlo. Nacido en Olavarr\u00eda. Jubilado.<\/p>\n","protected":false},"excerpt":{"rendered":"<p>Falleci\u00f3 en Olavarr\u00eda el 5 de marzo de 2021 a los 71 a\u00f1os. La madre de sus hijos Araceli Gachen;<\/p>\n","protected":false},"author":5,"featured_media":0,"comment_status":"closed","ping_status":"closed","sticky":false,"template":"","format":"standard","meta":{"_jetpack_memberships_contains_paid_content":false,"footnotes":""},"categories":[10],"tags":[],"class_list":["post-15431","post","type-post","status-publish","format-standard","hentry","category-necrologicas"],"jetpack_featured_media_url":"","jetpack_sharing_enabled":true,"_links":{"self":[{"href":"https:\/\/cdnoticias.com\/index.php\/wp-json\/wp\/v2\/posts\/15431","targetHints":{"allow":["GET"]}}],"collection":[{"href":"https:\/\/cdnoticias.com\/index.php\/wp-json\/wp\/v2\/posts"}],"about":[{"href":"https:\/\/cdnoticias.com\/index.php\/wp-json\/wp\/v2\/types\/post"}],"author":[{"embeddable":true,"href":"https:\/\/cdnoticias.com\/index.php\/wp-json\/wp\/v2\/users\/5"}],"replies":[{"embeddable":true,"href":"https:\/\/cdnoticias.com\/index.php\/wp-json\/wp\/v2\/comments?post=15431"}],"version-history":[{"count":0,"href":"https:\/\/cdnoticias.com\/index.php\/wp-json\/wp\/v2\/posts\/15431\/revisions"}],"wp:attachment":[{"href":"https:\/\/cdnoticias.com\/index.php\/wp-json\/wp\/v2\/media?parent=15431"}],"wp:term":[{"taxonomy":"category","embeddable":true,"href":"https:\/\/cdnoticias.com\/index.php\/wp-json\/wp\/v2\/categories?post=15431"},{"taxonomy":"post_tag","embeddable":true,"href":"https:\/\/cdnoticias.com\/index.php\/wp-json\/wp\/v2\/tags?post=15431"}],"curies":[{"name":"wp","href":"https:\/\/api.w.org\/{rel}","templated":true}]}}