{"id":15429,"date":"2021-03-05T16:41:34","date_gmt":"2021-03-05T19:41:34","guid":{"rendered":"http:\/\/www.centraldenoticias.com.ar\/?p=15429"},"modified":"2021-03-05T16:41:34","modified_gmt":"2021-03-05T19:41:34","slug":"lazaro-jose-llera-pocho-q-e-p-d","status":"publish","type":"post","link":"https:\/\/cdnoticias.com\/index.php\/2021\/03\/05\/lazaro-jose-llera-pocho-q-e-p-d\/","title":{"rendered":"L\u00e1zaro Jos\u00e9 Llera \u201cPocho\u201d (Q.E.P.D.)"},"content":{"rendered":"<p>Falleci\u00f3 en Olavarr\u00eda el 5 de marzo a los 91 a\u00f1os. Su esposa Edelicia N\u00e9lida Mar\u00eda Lizaso de Llera; sus hijos: Juli\u00e1n, Mar\u00eda Magdalena y Ricardo Llera; sus hijas pol\u00edticas: Marcela y Emilia; sus nietos: Octavio, Magdalena, Mauro, Ignacio, Constanza, Francisco, Luc\u00eda, Emilia, Mateo y Milagros; sus bisnietos: Delfina, Joaqu\u00edn, Thiago y dem\u00e1s deudos participan su fallecimiento.<\/p>\n<p>&nbsp;<\/p>\n<p>Sus restos no ser\u00e1n velados y ser\u00e1n inhumados en el Cementerio Loma de Paz, este s\u00e1bado 6 de marzo a las 9:30. Vecino de San Vicente. Nacido en Olavarr\u00eda.<\/p>\n","protected":false},"excerpt":{"rendered":"<p>Falleci\u00f3 en Olavarr\u00eda el 5 de marzo a los 91 a\u00f1os. Su esposa Edelicia N\u00e9lida Mar\u00eda Lizaso de Llera; sus<\/p>\n","protected":false},"author":5,"featured_media":0,"comment_status":"closed","ping_status":"closed","sticky":false,"template":"","format":"standard","meta":{"_jetpack_memberships_contains_paid_content":false,"footnotes":""},"categories":[10],"tags":[],"class_list":["post-15429","post","type-post","status-publish","format-standard","hentry","category-necrologicas"],"jetpack_featured_media_url":"","jetpack_sharing_enabled":true,"_links":{"self":[{"href":"https:\/\/cdnoticias.com\/index.php\/wp-json\/wp\/v2\/posts\/15429","targetHints":{"allow":["GET"]}}],"collection":[{"href":"https:\/\/cdnoticias.com\/index.php\/wp-json\/wp\/v2\/posts"}],"about":[{"href":"https:\/\/cdnoticias.com\/index.php\/wp-json\/wp\/v2\/types\/post"}],"author":[{"embeddable":true,"href":"https:\/\/cdnoticias.com\/index.php\/wp-json\/wp\/v2\/users\/5"}],"replies":[{"embeddable":true,"href":"https:\/\/cdnoticias.com\/index.php\/wp-json\/wp\/v2\/comments?post=15429"}],"version-history":[{"count":0,"href":"https:\/\/cdnoticias.com\/index.php\/wp-json\/wp\/v2\/posts\/15429\/revisions"}],"wp:attachment":[{"href":"https:\/\/cdnoticias.com\/index.php\/wp-json\/wp\/v2\/media?parent=15429"}],"wp:term":[{"taxonomy":"category","embeddable":true,"href":"https:\/\/cdnoticias.com\/index.php\/wp-json\/wp\/v2\/categories?post=15429"},{"taxonomy":"post_tag","embeddable":true,"href":"https:\/\/cdnoticias.com\/index.php\/wp-json\/wp\/v2\/tags?post=15429"}],"curies":[{"name":"wp","href":"https:\/\/api.w.org\/{rel}","templated":true}]}}