{"id":15414,"date":"2021-03-05T15:20:45","date_gmt":"2021-03-05T18:20:45","guid":{"rendered":"http:\/\/www.centraldenoticias.com.ar\/?p=15414"},"modified":"2021-03-05T17:28:12","modified_gmt":"2021-03-05T20:28:12","slug":"la-camara-ratifico-la-prision-preventiva-de-un-hombre-acusado-por-un-abigeato","status":"publish","type":"post","link":"https:\/\/cdnoticias.com\/index.php\/2021\/03\/05\/la-camara-ratifico-la-prision-preventiva-de-un-hombre-acusado-por-un-abigeato\/","title":{"rendered":"La C\u00e1mara ratific\u00f3 la prisi\u00f3n preventiva de un hombre acusado por un abigeato"},"content":{"rendered":"<p>El hecho se registr\u00f3 a fines del a\u00f1o pasado y el hombre hab\u00eda sido perseguido desde un campo hasta un domicilio en nuestra ciudad.<!--more--><\/p>\n<hr \/>\n<p><em>Por <a href=\"https:\/\/twitter.com\/nachocerdera\" target=\"_blank\" rel=\"noopener\">Nacho Cerdera<\/a><\/em><\/p>\n<p><em>(del staff de Central de Noticias)<\/em><\/p>\n<p>&nbsp;<\/p>\n<p>En las \u00faltimas horas la<strong> C\u00e1mara de Apelaciones y Garant\u00edas del Departamento Judicial de Azul ratific\u00f3 la prisi\u00f3n preventiva de un olavarriense de 47 a\u00f1os<\/strong>, a quien se lo acusa de ser uno de los autores<a href=\"https:\/\/cdnoticias.com\/index.php\/2020\/11\/20\/tras-una-persecucion-retuvieron-a-un-hombre-e-incautaron-cortes-vacunos\/\" target=\"_blank\" rel=\"noopener\"> de un abigeato y posterior intento de escape de la polic\u00eda<\/a>. Todo ocurri\u00f3 a fines del a\u00f1o pasado en un campo ubicado en la zona de la Virgen de la Loma, pero todo concluy\u00f3 en el interior del casco urbano local.<\/p>\n<p>&nbsp;<\/p>\n<p><strong>El hecho en cuesti\u00f3n ocurri\u00f3 en horas de la madrugada del pasado 20 de noviembre,<\/strong> cuando personal del Comando de Prevenci\u00f3n Rural detect\u00f3 los movimientos sospechosos de un grupo de de<\/p>\n<p>&nbsp;<\/p>\n<p><img data-recalc-dims=\"1\" loading=\"lazy\" decoding=\"async\" class=\"alignnone size-full wp-image-15415\" src=\"https:\/\/i0.wp.com\/cdnoticias.com\/wp-content\/uploads\/2021\/03\/WhatsApp-Image-2020-11-20-at-08.55.12-1-768x575.jpeg?resize=768%2C575&#038;ssl=1\" alt=\"\" width=\"768\" height=\"575\" srcset=\"https:\/\/i0.wp.com\/cdnoticias.com\/wp-content\/uploads\/2021\/03\/WhatsApp-Image-2020-11-20-at-08.55.12-1-768x575.jpeg?resize=768%2C575&amp;ssl=1 768w, https:\/\/i0.wp.com\/cdnoticias.com\/wp-content\/uploads\/2021\/03\/WhatsApp-Image-2020-11-20-at-08.55.12-1-768x575.jpeg?resize=300%2C225&amp;ssl=1 300w\" sizes=\"auto, (max-width: 768px) 100vw, 768px\" \/><\/p>\n<p>&nbsp;<\/p>\n<p>Al percatarse de la presencia del personal de seguridad se subieron r\u00e1pidamente a un auto, un Fiat Duna, y escaparon con direcci\u00f3n hacia nuestra ciudad. Las voces de alerta y sirenas no bastaron para que detuvieran la marcha, por lo que se inici\u00f3 una persecuci\u00f3n que convoc\u00f3 a m\u00e1s m\u00f3viles policiales. <strong>La huida se prolong\u00f3 hasta Grimaldi al 1900, donde los ocupantes descendieron r\u00e1pidamente pero no solo para buscar refugio en ese sitio, sino tambi\u00e9n para comenzar a arrojar \u201cbultos\u201d que ten\u00edan tanto en la parte trasera como en el ba\u00fal del rodado<\/strong>.<\/p>\n<p>&nbsp;<\/p>\n<p>Los agentes de seguridad fueron testigos de esa secuencia y <strong>pudieron corroborar que esos \u201cbultos\u201d se trataban de distintos cortes vacunos con se\u00f1as de haber sido recientemente faenados<\/strong>. Uno de los implicados pudo ser capturado, mientras que los restantes lograron escapar. A la par, se procedi\u00f3 al secuestro de un cuarto y una paleta, es decir los cortes vacunos arrojados previamente.<\/p>\n<p>&nbsp;<\/p>\n<p><img data-recalc-dims=\"1\" loading=\"lazy\" decoding=\"async\" class=\"alignnone size-full wp-image-15417\" src=\"https:\/\/i0.wp.com\/cdnoticias.com\/wp-content\/uploads\/2021\/03\/abigeato-farias.jpg?resize=800%2C455&#038;ssl=1\" alt=\"\" width=\"800\" height=\"455\" srcset=\"https:\/\/i0.wp.com\/cdnoticias.com\/wp-content\/uploads\/2021\/03\/abigeato-farias.jpg?w=800&amp;ssl=1 800w, https:\/\/i0.wp.com\/cdnoticias.com\/wp-content\/uploads\/2021\/03\/abigeato-farias.jpg?resize=300%2C171&amp;ssl=1 300w, https:\/\/i0.wp.com\/cdnoticias.com\/wp-content\/uploads\/2021\/03\/abigeato-farias.jpg?resize=768%2C437&amp;ssl=1 768w\" sizes=\"auto, (max-width: 800px) 100vw, 800px\" \/><\/p>\n<p>&nbsp;<\/p>\n<p>El hombre ser\u00eda identificado como <strong>Marcelo Fabian Far\u00edas, quien qued\u00f3 imputado por los delitos de \u201cabigeato agravado\u201d y \u201cdesobediencia\u201d, todo en concurso ideal de acciones<\/strong>, tal cual fueron entendidos los hechos por el fiscal Lucas Moyano y ratificados en dos ocasiones por el juez de Garant\u00edas Carlos Villamar\u00edn <a href=\"https:\/\/cdnoticias.com\/index.php\/2020\/11\/26\/detencion-formal-para-un-acusado-de-abigeato-y-de-huir-de-la-policia\/\" target=\"_blank\" rel=\"noopener\">al dictar tanto su detenci\u00f3n<\/a> como la posterior preventiva.<\/p>\n<p>&nbsp;<\/p>\n<p>La novedad por estas horas, tal cual fue confiado a este portal, se vincula con esta \u00faltima resoluci\u00f3n. Todo responde a que desde el a defensa de Far\u00edas hab\u00eda sido apelada la prisi\u00f3n preventiva, por lo que la causa hab\u00eda sido remitida a la C\u00e1mara de Apelaciones y Garant\u00edas del Departamento Judicial de Azul. <strong>Este viernes los camaristas Dami\u00e1n Pedro Cini y An\u00edbal Alberto \u00c1lvarez, integrantes del m\u00e1ximo tribunal de alzada, acompa\u00f1aron lo resuelto por Villamar\u00edn y ratificaron la prisi\u00f3n preventiva del acusado.<\/strong><\/p>\n","protected":false},"excerpt":{"rendered":"<p>El hecho se registr\u00f3 a fines del a\u00f1o pasado y el hombre hab\u00eda sido perseguido desde un campo hasta un<\/p>\n","protected":false},"author":3,"featured_media":15416,"comment_status":"closed","ping_status":"closed","sticky":false,"template":"","format":"standard","meta":{"_jetpack_memberships_contains_paid_content":false,"footnotes":""},"categories":[14,1],"tags":[],"class_list":["post-15414","post","type-post","status-publish","format-standard","has-post-thumbnail","hentry","category-policiales","category-portada"],"jetpack_featured_media_url":"https:\/\/i0.wp.com\/cdnoticias.com\/wp-content\/uploads\/2021\/03\/WhatsApp-Image-2020-11-20-at-08.27.47-800x445.jpeg?fit=800%2C445&ssl=1","jetpack_sharing_enabled":true,"_links":{"self":[{"href":"https:\/\/cdnoticias.com\/index.php\/wp-json\/wp\/v2\/posts\/15414","targetHints":{"allow":["GET"]}}],"collection":[{"href":"https:\/\/cdnoticias.com\/index.php\/wp-json\/wp\/v2\/posts"}],"about":[{"href":"https:\/\/cdnoticias.com\/index.php\/wp-json\/wp\/v2\/types\/post"}],"author":[{"embeddable":true,"href":"https:\/\/cdnoticias.com\/index.php\/wp-json\/wp\/v2\/users\/3"}],"replies":[{"embeddable":true,"href":"https:\/\/cdnoticias.com\/index.php\/wp-json\/wp\/v2\/comments?post=15414"}],"version-history":[{"count":0,"href":"https:\/\/cdnoticias.com\/index.php\/wp-json\/wp\/v2\/posts\/15414\/revisions"}],"wp:featuredmedia":[{"embeddable":true,"href":"https:\/\/cdnoticias.com\/index.php\/wp-json\/wp\/v2\/media\/15416"}],"wp:attachment":[{"href":"https:\/\/cdnoticias.com\/index.php\/wp-json\/wp\/v2\/media?parent=15414"}],"wp:term":[{"taxonomy":"category","embeddable":true,"href":"https:\/\/cdnoticias.com\/index.php\/wp-json\/wp\/v2\/categories?post=15414"},{"taxonomy":"post_tag","embeddable":true,"href":"https:\/\/cdnoticias.com\/index.php\/wp-json\/wp\/v2\/tags?post=15414"}],"curies":[{"name":"wp","href":"https:\/\/api.w.org\/{rel}","templated":true}]}}