{"id":15391,"date":"2021-03-05T10:08:18","date_gmt":"2021-03-05T13:08:18","guid":{"rendered":"http:\/\/www.centraldenoticias.com.ar\/?p=15391"},"modified":"2021-03-05T10:08:18","modified_gmt":"2021-03-05T13:08:18","slug":"charla-para-productores-ovinos-se-organiza-un-proyecto-de-exportacion","status":"publish","type":"post","link":"https:\/\/cdnoticias.com\/index.php\/2021\/03\/05\/charla-para-productores-ovinos-se-organiza-un-proyecto-de-exportacion\/","title":{"rendered":"Charla para productores ovinos: se organiza un proyecto de exportaci\u00f3n"},"content":{"rendered":"<p>La charla se har\u00e1 en la Sociedad Rural de Azul el 27 de marzo: requiere inscripci\u00f3n previa. Se proyecta la venta \u201cde carne envasada y de animales en pie desde la provincia de Buenos Aires\u201d.<!--more--><\/p>\n<hr \/>\n<p><strong>Mar\u00eda Garc\u00eda Ferrada y Melina Iriarte<\/strong> desde Bah\u00eda Blanca <strong>impulsan y difunden un proyecto de exportaci\u00f3n de carne ovina<\/strong> con lo que convocan a productores del rubro interesados en sumarse.<\/p>\n<p>&nbsp;<\/p>\n<p>En ese sentido,<strong> organizaron una charla para productores ovinos<\/strong> que tendr\u00e1 lugar el<strong> 27 de marzo<\/strong> en la <strong>Sociedad Rural de Azul<\/strong>, Per\u00f3n 959, a partir de las 15.30.<\/p>\n<p>&nbsp;<\/p>\n<blockquote><p>\u201cEst\u00e1 en formaci\u00f3n un grupo de productores ovinos con fines de exportaci\u00f3n directa de carne envasada y de animales en pie desde la provincia de Buenos Aires\u201d adelantaron sobre la iniciativa.<\/p><\/blockquote>\n<p>&nbsp;<\/p>\n<p>Dejaron en claro que \u201cse nos presenta una oportunidad para introducirnos en el mercado de la exportaci\u00f3n\u201d y, con ello, la reuni\u00f3n busca \u201c<strong>sumar productores al equipo que est\u00e9n interesados en participar del negocio<\/strong> de la exportaci\u00f3n en forma directa y trabajar en conjunto para lograr el volumen y condiciones necesarias\u201d.<\/p>\n<p><img data-recalc-dims=\"1\" loading=\"lazy\" decoding=\"async\" class=\"aligncenter wp-image-15393\" src=\"https:\/\/i0.wp.com\/cdnoticias.com\/wp-content\/uploads\/2021\/03\/exportaci%C3%B3n-de-ovinos-169x300.jpeg?resize=400%2C711&#038;ssl=1\" alt=\"\" width=\"400\" height=\"711\" srcset=\"https:\/\/i0.wp.com\/cdnoticias.com\/wp-content\/uploads\/2021\/03\/exportaci%C3%B3n-de-ovinos.jpeg?resize=169%2C300&amp;ssl=1 169w, https:\/\/i0.wp.com\/cdnoticias.com\/wp-content\/uploads\/2021\/03\/exportaci%C3%B3n-de-ovinos.jpeg?resize=576%2C1024&amp;ssl=1 576w, https:\/\/i0.wp.com\/cdnoticias.com\/wp-content\/uploads\/2021\/03\/exportaci%C3%B3n-de-ovinos.jpeg?w=720&amp;ssl=1 720w\" sizes=\"auto, (max-width: 400px) 100vw, 400px\" \/><\/p>\n<p>&nbsp;<\/p>\n<p>En <a href=\"https:\/\/www.instagram.com\/tv\/CL-fTO7lsdj\/?igshid=7wg4wkq8r9iw\" target=\"_blank\" rel=\"noopener\">este link<\/a>\u00a0se puede acceder a <strong>una charla en la que Mar\u00eda Garc\u00eda Ferrada se present\u00f3 y brind\u00f3 informaci\u00f3n<\/strong> sobre distintos aspectos del proyecto que tiene por objetivo avanzar en el mercado de la comercializaci\u00f3n.<\/p>\n<p>&nbsp;<\/p>\n<p>Para asistir a la charla en la localidad de Azul <strong>se debe reservar lugar por protocolo sanitario<\/strong>. Los interesados deben comunicarse al 11-6335-9359 \u00f3 291-425-3212. Tambi\u00e9n escribir a <a href=\"mailto:maria@garciaferrada.com.ar\">maria@garciaferrada.com.ar<\/a> \u00f3 a <a href=\"mailto:iriartemelina@gmail.com\">iriartemelina@gmail.com<\/a>.<\/p>\n","protected":false},"excerpt":{"rendered":"<p>La charla se har\u00e1 en la Sociedad Rural de Azul el 27 de marzo: requiere inscripci\u00f3n previa. Se proyecta la<\/p>\n","protected":false},"author":4,"featured_media":15392,"comment_status":"closed","ping_status":"closed","sticky":false,"template":"","format":"standard","meta":{"_jetpack_memberships_contains_paid_content":false,"footnotes":""},"categories":[6,1],"tags":[],"class_list":["post-15391","post","type-post","status-publish","format-standard","has-post-thumbnail","hentry","category-nacionales","category-portada"],"jetpack_featured_media_url":"https:\/\/i0.wp.com\/cdnoticias.com\/wp-content\/uploads\/2021\/03\/ovinos.jpg?fit=800%2C445&ssl=1","jetpack_sharing_enabled":true,"_links":{"self":[{"href":"https:\/\/cdnoticias.com\/index.php\/wp-json\/wp\/v2\/posts\/15391","targetHints":{"allow":["GET"]}}],"collection":[{"href":"https:\/\/cdnoticias.com\/index.php\/wp-json\/wp\/v2\/posts"}],"about":[{"href":"https:\/\/cdnoticias.com\/index.php\/wp-json\/wp\/v2\/types\/post"}],"author":[{"embeddable":true,"href":"https:\/\/cdnoticias.com\/index.php\/wp-json\/wp\/v2\/users\/4"}],"replies":[{"embeddable":true,"href":"https:\/\/cdnoticias.com\/index.php\/wp-json\/wp\/v2\/comments?post=15391"}],"version-history":[{"count":0,"href":"https:\/\/cdnoticias.com\/index.php\/wp-json\/wp\/v2\/posts\/15391\/revisions"}],"wp:featuredmedia":[{"embeddable":true,"href":"https:\/\/cdnoticias.com\/index.php\/wp-json\/wp\/v2\/media\/15392"}],"wp:attachment":[{"href":"https:\/\/cdnoticias.com\/index.php\/wp-json\/wp\/v2\/media?parent=15391"}],"wp:term":[{"taxonomy":"category","embeddable":true,"href":"https:\/\/cdnoticias.com\/index.php\/wp-json\/wp\/v2\/categories?post=15391"},{"taxonomy":"post_tag","embeddable":true,"href":"https:\/\/cdnoticias.com\/index.php\/wp-json\/wp\/v2\/tags?post=15391"}],"curies":[{"name":"wp","href":"https:\/\/api.w.org\/{rel}","templated":true}]}}