{"id":15388,"date":"2021-03-05T10:17:59","date_gmt":"2021-03-05T13:17:59","guid":{"rendered":"http:\/\/www.centraldenoticias.com.ar\/?p=15388"},"modified":"2021-03-05T10:17:59","modified_gmt":"2021-03-05T13:17:59","slug":"capturaron-a-un-joven-de-18-anos-que-escapaba-con-una-bicicleta-robada","status":"publish","type":"post","link":"https:\/\/cdnoticias.com\/index.php\/2021\/03\/05\/capturaron-a-un-joven-de-18-anos-que-escapaba-con-una-bicicleta-robada\/","title":{"rendered":"Capturaron a un joven de 18 a\u00f1os que escapaba con una bicicleta robada"},"content":{"rendered":"<p>El hecho se registr\u00f3 en un complejo de departamentos y fue interceptado a las pocas cuadras.<!--more--><\/p>\n<hr \/>\n<p>Un joven de 18 a\u00f1os permanece alojado en la sede de la comisar\u00eda Primera, acusado por un robo que se registr\u00f3 en la noche del \u00faltimo jueves en el barrio Pueblo Nuevo.<strong> Fue capturado cuando intentaba escapar a bordo de una bicicleta sustra\u00edda minutos antes.<\/strong><\/p>\n<p>&nbsp;<\/p>\n<p>Todo se inici\u00f3<strong> en un complejo de departamento ubicado sobre el cruce de Maip\u00fa y Hornos, donde el acusado pudo ingresar tras trepar la reja de lugar<\/strong>. La denuncia al servicio de emergencias y la r\u00e1pida respuesta desde el Comando de Patrullas permiti\u00f3 la captura del acusado sobre V\u00e9lez Sarsfield 1900, a pocas cuadras del lugar de los hechos.<\/p>\n<p>&nbsp;<\/p>\n<p>El rodado, una bicicleta de carrera, ya se encuentra secuestrada mientras que el acusado permanece alojado en la sede de la comisar\u00eda Primera a disposici\u00f3n de la fiscal\u00eda en turno, la N\u00b0 10. <strong>Las actuaciones en su contra fueron caratuladas, en principio, como \u201churto in fraganti delito agravado por escalamiento\u201d.<\/strong><\/p>\n","protected":false},"excerpt":{"rendered":"<p>El hecho se registr\u00f3 en un complejo de departamentos y fue interceptado a las pocas cuadras.<\/p>\n","protected":false},"author":3,"featured_media":15389,"comment_status":"closed","ping_status":"closed","sticky":false,"template":"","format":"standard","meta":{"_jetpack_memberships_contains_paid_content":false,"footnotes":""},"categories":[14,1],"tags":[],"class_list":["post-15388","post","type-post","status-publish","format-standard","has-post-thumbnail","hentry","category-policiales","category-portada"],"jetpack_featured_media_url":"https:\/\/i0.wp.com\/cdnoticias.com\/wp-content\/uploads\/2021\/03\/bicicleta.jpg?fit=800%2C388&ssl=1","jetpack_sharing_enabled":true,"_links":{"self":[{"href":"https:\/\/cdnoticias.com\/index.php\/wp-json\/wp\/v2\/posts\/15388","targetHints":{"allow":["GET"]}}],"collection":[{"href":"https:\/\/cdnoticias.com\/index.php\/wp-json\/wp\/v2\/posts"}],"about":[{"href":"https:\/\/cdnoticias.com\/index.php\/wp-json\/wp\/v2\/types\/post"}],"author":[{"embeddable":true,"href":"https:\/\/cdnoticias.com\/index.php\/wp-json\/wp\/v2\/users\/3"}],"replies":[{"embeddable":true,"href":"https:\/\/cdnoticias.com\/index.php\/wp-json\/wp\/v2\/comments?post=15388"}],"version-history":[{"count":0,"href":"https:\/\/cdnoticias.com\/index.php\/wp-json\/wp\/v2\/posts\/15388\/revisions"}],"wp:featuredmedia":[{"embeddable":true,"href":"https:\/\/cdnoticias.com\/index.php\/wp-json\/wp\/v2\/media\/15389"}],"wp:attachment":[{"href":"https:\/\/cdnoticias.com\/index.php\/wp-json\/wp\/v2\/media?parent=15388"}],"wp:term":[{"taxonomy":"category","embeddable":true,"href":"https:\/\/cdnoticias.com\/index.php\/wp-json\/wp\/v2\/categories?post=15388"},{"taxonomy":"post_tag","embeddable":true,"href":"https:\/\/cdnoticias.com\/index.php\/wp-json\/wp\/v2\/tags?post=15388"}],"curies":[{"name":"wp","href":"https:\/\/api.w.org\/{rel}","templated":true}]}}