{"id":15386,"date":"2021-03-05T13:18:47","date_gmt":"2021-03-05T16:18:47","guid":{"rendered":"http:\/\/www.centraldenoticias.com.ar\/?p=15386"},"modified":"2021-03-05T15:21:14","modified_gmt":"2021-03-05T18:21:14","slug":"con-el-acento-en-el-parque-mitre-y-quintas-podran-en-marcha-un-operativo-por-el-upd","status":"publish","type":"post","link":"https:\/\/cdnoticias.com\/index.php\/2021\/03\/05\/con-el-acento-en-el-parque-mitre-y-quintas-podran-en-marcha-un-operativo-por-el-upd\/","title":{"rendered":"Con el acento en el Parque Mitre y quintas, podr\u00e1n en marcha un operativo por el UPD"},"content":{"rendered":"<p>Se trata de tareas coordinadas desde el \u00e1rea de Seguridad Municipal y la Estaci\u00f3n de Polic\u00eda. Fue convocado tambi\u00e9n personal de Infanter\u00eda. Se apela tanto a la responsabilidad de los adolescentes como de sus padres.<!--more--><\/p>\n<hr \/>\n<p><strong>\u201cNo se pueden realizar\u201d<\/strong>. De esa manera un integrante de la c\u00fapula de seguridad local se refiri\u00f3 a los eventos enmarcados en el &#8220;UPD&#8221;, el \u00daltimo Primer D\u00eda, festejos que realizan estudiantes secundarios pr\u00f3ximos a egresar con motivo del inicio de clases. <strong>A los recaudos de siempre con motivo del consumo de alcohol o sustancias en menores de 18 a\u00f1os, tambi\u00e9n se suma la preocupaci\u00f3n por un posible contagio masivo de coronavirus.<\/strong><\/p>\n<p>&nbsp;<\/p>\n<p>Es por ello que desde hace ya varios d\u00edas se vienen dando distintos encuentros entre referentes del \u00e1rea de seguridad municipal y de la Estaci\u00f3n de Polic\u00eda Departamental de Olavarr\u00eda. En ese marco <strong>se diagram\u00f3 un importante despliegue de seguridad que se prolongar\u00e1 durante todo el fin de semana pero que tendr\u00e1 el acento entre la noche del domingo y la madrugada del lunes, con la intenci\u00f3n de poder desarticular estos eventos antes que se inicien.<\/strong><\/p>\n<p>&nbsp;<\/p>\n<p><img data-recalc-dims=\"1\" loading=\"lazy\" decoding=\"async\" class=\"alignnone size-large wp-image-6673\" src=\"https:\/\/i0.wp.com\/cdnoticias.com\/wp-content\/uploads\/2020\/11\/WhatsApp-Image-2020-11-16-at-17.57.38.jpeg?resize=800%2C450&#038;ssl=1\" alt=\"\" width=\"800\" height=\"450\" srcset=\"https:\/\/i0.wp.com\/cdnoticias.com\/wp-content\/uploads\/2020\/11\/WhatsApp-Image-2020-11-16-at-17.57.38.jpeg?resize=1024%2C576&amp;ssl=1 1024w, https:\/\/i0.wp.com\/cdnoticias.com\/wp-content\/uploads\/2020\/11\/WhatsApp-Image-2020-11-16-at-17.57.38.jpeg?resize=300%2C169&amp;ssl=1 300w, https:\/\/i0.wp.com\/cdnoticias.com\/wp-content\/uploads\/2020\/11\/WhatsApp-Image-2020-11-16-at-17.57.38.jpeg?resize=768%2C432&amp;ssl=1 768w, https:\/\/i0.wp.com\/cdnoticias.com\/wp-content\/uploads\/2020\/11\/WhatsApp-Image-2020-11-16-at-17.57.38.jpeg?w=1032&amp;ssl=1 1032w\" sizes=\"auto, (max-width: 800px) 100vw, 800px\" \/><\/p>\n<p>&nbsp;<\/p>\n<p>Por ser el lugar tradicional del encuentro <strong>el \u00e9nfasis estar\u00e1 en el Parque Mitre, pero con la atenci\u00f3n y tareas tambi\u00e9n en la zona de quintas<\/strong>, a sabiendas que muchos buscar\u00e1n ese tipo de sitios para concretar este tipo de eventos.<\/p>\n<p>&nbsp;<\/p>\n<p>En este sentido, las fuentes consultadas recordaron y pidieron que <strong>los due\u00f1os de las quintas tengan en cuenta que, en caso de detectar un evento de estas caracter\u00edsticas en su propiedad, tambi\u00e9n deber\u00e1n responder de manera \u201csolidaria\u201d de las multas y sanciones que se apliquen<\/strong>. A la par, se apel\u00f3 tambi\u00e9n a la responsabilidad de adolescente y padres.<\/p>\n<p>&nbsp;<\/p>\n<p>Las fuentes consultadas narraron que se \u201crecargar\u00e1\u201d en horas al personal disponible para poder dar cobertura a este tipo de tareas que se realizar\u00e1 de manera conjunta entre las comisar\u00edas locales, seccionales de las localidades, Comando de Patrullas y Polic\u00eda Local. A la par, <strong>agentes del Grupo de Apoyo Departamental e Infanter\u00eda permanecer\u00e1n en \u201capresto\u201d en la Estaci\u00f3n de Polic\u00eda en caso de cualquier eventualidad<\/strong>. Todo con el aporte de personal y m\u00f3viles de la Direcci\u00f3n de Control Urbano municipal.<\/p>\n","protected":false},"excerpt":{"rendered":"<p>Se trata de tareas coordinadas desde el \u00e1rea de Seguridad Municipal y la Estaci\u00f3n de Polic\u00eda. Fue convocado tambi\u00e9n personal<\/p>\n","protected":false},"author":3,"featured_media":9846,"comment_status":"closed","ping_status":"closed","sticky":false,"template":"","format":"standard","meta":{"_jetpack_memberships_contains_paid_content":false,"footnotes":""},"categories":[14,1],"tags":[],"class_list":["post-15386","post","type-post","status-publish","format-standard","has-post-thumbnail","hentry","category-policiales","category-portada"],"jetpack_featured_media_url":"https:\/\/i0.wp.com\/cdnoticias.com\/wp-content\/uploads\/2020\/12\/distrial02.jpg?fit=992%2C557&ssl=1","jetpack_sharing_enabled":true,"_links":{"self":[{"href":"https:\/\/cdnoticias.com\/index.php\/wp-json\/wp\/v2\/posts\/15386","targetHints":{"allow":["GET"]}}],"collection":[{"href":"https:\/\/cdnoticias.com\/index.php\/wp-json\/wp\/v2\/posts"}],"about":[{"href":"https:\/\/cdnoticias.com\/index.php\/wp-json\/wp\/v2\/types\/post"}],"author":[{"embeddable":true,"href":"https:\/\/cdnoticias.com\/index.php\/wp-json\/wp\/v2\/users\/3"}],"replies":[{"embeddable":true,"href":"https:\/\/cdnoticias.com\/index.php\/wp-json\/wp\/v2\/comments?post=15386"}],"version-history":[{"count":0,"href":"https:\/\/cdnoticias.com\/index.php\/wp-json\/wp\/v2\/posts\/15386\/revisions"}],"wp:featuredmedia":[{"embeddable":true,"href":"https:\/\/cdnoticias.com\/index.php\/wp-json\/wp\/v2\/media\/9846"}],"wp:attachment":[{"href":"https:\/\/cdnoticias.com\/index.php\/wp-json\/wp\/v2\/media?parent=15386"}],"wp:term":[{"taxonomy":"category","embeddable":true,"href":"https:\/\/cdnoticias.com\/index.php\/wp-json\/wp\/v2\/categories?post=15386"},{"taxonomy":"post_tag","embeddable":true,"href":"https:\/\/cdnoticias.com\/index.php\/wp-json\/wp\/v2\/tags?post=15386"}],"curies":[{"name":"wp","href":"https:\/\/api.w.org\/{rel}","templated":true}]}}