{"id":153725,"date":"2025-02-11T11:31:47","date_gmt":"2025-02-11T14:31:47","guid":{"rendered":"https:\/\/cdnoticias.com\/?p=153725"},"modified":"2025-02-11T16:06:51","modified_gmt":"2025-02-11T19:06:51","slug":"hcd-nueva-edicion-de-los-premios-dina-pontoni-y-florentina-gomez-miranda","status":"publish","type":"post","link":"https:\/\/cdnoticias.com\/index.php\/2025\/02\/11\/hcd-nueva-edicion-de-los-premios-dina-pontoni-y-florentina-gomez-miranda\/","title":{"rendered":"HCD: nueva edici\u00f3n de los Premios Dina Pontoni y Florentina G\u00f3mez Miranda"},"content":{"rendered":"\n<p>Ser\u00e1n 10 distinciones que se entregar\u00e1n el pr\u00f3ximo 8 de marzo. Hasta el 27 de febrero habr\u00e1 tiempo para inscribir a las postulantes en forma presencial o de modo online.<\/p>\n\n\n\n<hr class=\"wp-block-separator has-alpha-channel-opacity\"\/>\n\n\n\n<p>A partir de este martes se encuentra abierta la inscripci\u00f3n para la presentaci\u00f3n de postulantes para los <strong>Premios Dina Pontoni y Florentina G\u00f3mez Miranda. <\/strong>As\u00ed fue anunciado en conferencia de prensa por integrantes de la comisi\u00f3n de G\u00e9nero del HCD Olavarr\u00eda.<\/p>\n\n\n\n<p><\/p>\n\n\n\n<p>Se trata de la<strong> XIV edici\u00f3n de los Premios \u201cDina Pontoni\u201d,<\/strong> que llevan este nombre en homenaje a la primera mujer que asumi\u00f3 como concejal en Olavarr\u00eda en el a\u00f1o 1965. Adem\u00e1s, de los <strong>Premios \u201cFlorentina G\u00f3mez Miranda\u201d<\/strong>, primera olavarriense en ser elegida diputada nacional entre 1983 y 1991, que buscan reconocer los proyectos colectivos y socio comunitarios que son liderados por mujeres.<\/p>\n\n\n\n<p><\/p>\n\n\n\n<figure class=\"wp-block-image size-full\"><img data-recalc-dims=\"1\" loading=\"lazy\" decoding=\"async\" width=\"800\" height=\"445\" src=\"https:\/\/i0.wp.com\/cdnoticias.com\/wp-content\/uploads\/2025\/02\/HCD-hosanna-cazola-00.jpg?resize=800%2C445&#038;ssl=1\" alt=\"\" class=\"wp-image-153722\" srcset=\"https:\/\/i0.wp.com\/cdnoticias.com\/wp-content\/uploads\/2025\/02\/HCD-hosanna-cazola-00.jpg?w=1000&amp;ssl=1 1000w, https:\/\/i0.wp.com\/cdnoticias.com\/wp-content\/uploads\/2025\/02\/HCD-hosanna-cazola-00.jpg?resize=300%2C167&amp;ssl=1 300w, https:\/\/i0.wp.com\/cdnoticias.com\/wp-content\/uploads\/2025\/02\/HCD-hosanna-cazola-00.jpg?resize=768%2C427&amp;ssl=1 768w, https:\/\/i0.wp.com\/cdnoticias.com\/wp-content\/uploads\/2025\/02\/HCD-hosanna-cazola-00.jpg?resize=800%2C445&amp;ssl=1 800w\" sizes=\"auto, (max-width: 800px) 100vw, 800px\" \/><\/figure>\n\n\n\n<p><\/p>\n\n\n\n<p>La presidenta de la comisi\u00f3n de G\u00e9nero y Diversidad, Hosanna Cazola, encabez\u00f3 la conferencia de prensa acompa\u00f1ada por las concejalas Guillermina Amespil y Miriam Mosescu y el edil Francisco Gonz\u00e1lez.<\/p>\n\n\n\n<p><\/p>\n\n\n\n<p>\u201cUn a\u00f1o m\u00e1s para reconocer a las mujeres que tanto trabajan, que tanto hacen por nuestra comunidad, que construyen una trama social y acompa\u00f1an a cada uno en su barrio, en cada uno de sus sectores\u201d, resalt\u00f3 Hosanna Cazola.<\/p>\n\n\n\n<p><\/p>\n\n\n\n<blockquote class=\"wp-block-quote is-layout-flow wp-block-quote-is-layout-flow\">\n<p>La concejala indic\u00f3 que la inscripci\u00f3n estar\u00e1 abierta hasta el 27 de febrero. Los premios ser\u00e1n entregados en la gala que se realizar\u00e1 el s\u00e1bado 8 de marzo a las 18:00 en el Sal\u00f3n Rivadavia.<\/p>\n<\/blockquote>\n\n\n\n<p><\/p>\n\n\n\n<p>\u201cA su vez tambi\u00e9n vamos a estar llevando adelante con la Comisi\u00f3n de G\u00e9nero en el territorio, en cada uno de los barrios, buscando esos <strong>proyectos colectivos <\/strong>que llevan adelante las mujeres para poder reconocerlas con el Florentina G\u00f3mez Miranda\u201d, se\u00f1al\u00f3 Cazola.<\/p>\n\n\n\n<p><\/p>\n\n\n\n<figure class=\"wp-block-image size-full\"><img data-recalc-dims=\"1\" loading=\"lazy\" decoding=\"async\" width=\"800\" height=\"445\" src=\"https:\/\/i0.wp.com\/cdnoticias.com\/wp-content\/uploads\/2025\/02\/HCD-guillermina-amespil-00.jpg?resize=800%2C445&#038;ssl=1\" alt=\"\" class=\"wp-image-153720\" srcset=\"https:\/\/i0.wp.com\/cdnoticias.com\/wp-content\/uploads\/2025\/02\/HCD-guillermina-amespil-00.jpg?w=1000&amp;ssl=1 1000w, https:\/\/i0.wp.com\/cdnoticias.com\/wp-content\/uploads\/2025\/02\/HCD-guillermina-amespil-00.jpg?resize=300%2C167&amp;ssl=1 300w, https:\/\/i0.wp.com\/cdnoticias.com\/wp-content\/uploads\/2025\/02\/HCD-guillermina-amespil-00.jpg?resize=768%2C427&amp;ssl=1 768w, https:\/\/i0.wp.com\/cdnoticias.com\/wp-content\/uploads\/2025\/02\/HCD-guillermina-amespil-00.jpg?resize=800%2C445&amp;ssl=1 800w\" sizes=\"auto, (max-width: 800px) 100vw, 800px\" \/><\/figure>\n\n\n\n<p><\/p>\n\n\n\n<blockquote class=\"wp-block-quote is-layout-flow wp-block-quote-is-layout-flow\">\n<p>Por su parte, la concejala Guillermina Amespil detall\u00f3 que \u201ccomo siempre son 10 las categor\u00edas de los reconocimientos a propuesta de los vecinos, de la comunidad. Cualquiera que le parezca que hay una mujer que deba ser reconocida, que tiene un gran trabajo hecho, puede acercarse, lo puede hacer por internet en el <a href=\"https:\/\/docs.google.com\/forms\/d\/e\/1FAIpQLSf8pveRWNDXOHLqIX5RaAiM9Obx7aUy60pzqNV33YBga8-OMg\/viewform\" data-type=\"link\" data-id=\"https:\/\/docs.google.com\/forms\/d\/e\/1FAIpQLSf8pveRWNDXOHLqIX5RaAiM9Obx7aUy60pzqNV33YBga8-OMg\/viewform\">siguiente link<\/a> o se acercan personalmente al Concejo y piden los formularios\u201d.<\/p>\n<\/blockquote>\n\n\n\n<p><\/p>\n\n\n\n<p>Este a\u00f1o el lema de los reconocimientos es<strong> \u201cpara las mujeres y ni\u00f1as en toda su diversidad, derechos, igualdad y empoderamiento\u201d.<\/strong><\/p>\n\n\n\n<p><\/p>\n\n\n\n<p>Las <strong>diez categor\u00edas<\/strong> de este reconocimiento son: Compromiso con el Desarrollo Sociocomunitario; Compromiso con la pol\u00edtica y los DDDHH; Compromiso con el arte, la cultura y la espiritualidad; Compromiso con la educaci\u00f3n, la ciencia, la tecnolog\u00eda y el ambiente; Compromiso con el derecho a la informaci\u00f3n y la comunicaci\u00f3n; Compromiso con el deporte; Compromiso con la empresa, el comercio y la econom\u00eda popular; Compromiso con el campo y la vida rural; Compromiso con la salud; Compromiso con la igualdad y la equidad de g\u00e9nero.<\/p>\n\n\n\n<p><\/p>\n\n\n\n<figure class=\"wp-block-image size-full\"><img data-recalc-dims=\"1\" loading=\"lazy\" decoding=\"async\" width=\"800\" height=\"445\" src=\"https:\/\/i0.wp.com\/cdnoticias.com\/wp-content\/uploads\/2025\/02\/HCD-pancho-gonzalez-00.jpg?resize=800%2C445&#038;ssl=1\" alt=\"\" class=\"wp-image-153724\" srcset=\"https:\/\/i0.wp.com\/cdnoticias.com\/wp-content\/uploads\/2025\/02\/HCD-pancho-gonzalez-00.jpg?w=1000&amp;ssl=1 1000w, https:\/\/i0.wp.com\/cdnoticias.com\/wp-content\/uploads\/2025\/02\/HCD-pancho-gonzalez-00.jpg?resize=300%2C167&amp;ssl=1 300w, https:\/\/i0.wp.com\/cdnoticias.com\/wp-content\/uploads\/2025\/02\/HCD-pancho-gonzalez-00.jpg?resize=768%2C427&amp;ssl=1 768w, https:\/\/i0.wp.com\/cdnoticias.com\/wp-content\/uploads\/2025\/02\/HCD-pancho-gonzalez-00.jpg?resize=800%2C445&amp;ssl=1 800w\" sizes=\"auto, (max-width: 800px) 100vw, 800px\" \/><\/figure>\n\n\n\n<figure class=\"wp-block-image size-full\"><img data-recalc-dims=\"1\" loading=\"lazy\" decoding=\"async\" width=\"800\" height=\"445\" src=\"https:\/\/i0.wp.com\/cdnoticias.com\/wp-content\/uploads\/2025\/02\/HCD-miriam-mosescu-00.jpg?resize=800%2C445&#038;ssl=1\" alt=\"\" class=\"wp-image-153723\" srcset=\"https:\/\/i0.wp.com\/cdnoticias.com\/wp-content\/uploads\/2025\/02\/HCD-miriam-mosescu-00.jpg?w=1000&amp;ssl=1 1000w, https:\/\/i0.wp.com\/cdnoticias.com\/wp-content\/uploads\/2025\/02\/HCD-miriam-mosescu-00.jpg?resize=300%2C167&amp;ssl=1 300w, https:\/\/i0.wp.com\/cdnoticias.com\/wp-content\/uploads\/2025\/02\/HCD-miriam-mosescu-00.jpg?resize=768%2C427&amp;ssl=1 768w, https:\/\/i0.wp.com\/cdnoticias.com\/wp-content\/uploads\/2025\/02\/HCD-miriam-mosescu-00.jpg?resize=800%2C445&amp;ssl=1 800w\" sizes=\"auto, (max-width: 800px) 100vw, 800px\" \/><\/figure>\n\n\n\n<p><\/p>\n\n\n\n<p>Quienes resulten ganadoras de los premios Dina Pontoni y Florentina G\u00f3mez Miranda <strong>recibir\u00e1n como premio una suma de dinero<\/strong> equivalentes a dos salarios de trabajador municipal, categor\u00eda ingresante administrativo.<\/p>\n","protected":false},"excerpt":{"rendered":"<p>Ser\u00e1n 10 distinciones que se entregar\u00e1n el pr\u00f3ximo 8 de marzo. Hasta el 27 de febrero habr\u00e1 tiempo para inscribir<\/p>\n","protected":false},"author":5,"featured_media":153719,"comment_status":"closed","ping_status":"closed","sticky":false,"template":"","format":"standard","meta":{"_jetpack_memberships_contains_paid_content":false,"footnotes":""},"categories":[3,1],"tags":[],"class_list":["post-153725","post","type-post","status-publish","format-standard","has-post-thumbnail","hentry","category-genero","category-portada"],"jetpack_featured_media_url":"https:\/\/i0.wp.com\/cdnoticias.com\/wp-content\/uploads\/2025\/02\/HCD-dina-pontoni-2025-c.jpg?fit=1000%2C556&ssl=1","jetpack_sharing_enabled":true,"_links":{"self":[{"href":"https:\/\/cdnoticias.com\/index.php\/wp-json\/wp\/v2\/posts\/153725","targetHints":{"allow":["GET"]}}],"collection":[{"href":"https:\/\/cdnoticias.com\/index.php\/wp-json\/wp\/v2\/posts"}],"about":[{"href":"https:\/\/cdnoticias.com\/index.php\/wp-json\/wp\/v2\/types\/post"}],"author":[{"embeddable":true,"href":"https:\/\/cdnoticias.com\/index.php\/wp-json\/wp\/v2\/users\/5"}],"replies":[{"embeddable":true,"href":"https:\/\/cdnoticias.com\/index.php\/wp-json\/wp\/v2\/comments?post=153725"}],"version-history":[{"count":0,"href":"https:\/\/cdnoticias.com\/index.php\/wp-json\/wp\/v2\/posts\/153725\/revisions"}],"wp:featuredmedia":[{"embeddable":true,"href":"https:\/\/cdnoticias.com\/index.php\/wp-json\/wp\/v2\/media\/153719"}],"wp:attachment":[{"href":"https:\/\/cdnoticias.com\/index.php\/wp-json\/wp\/v2\/media?parent=153725"}],"wp:term":[{"taxonomy":"category","embeddable":true,"href":"https:\/\/cdnoticias.com\/index.php\/wp-json\/wp\/v2\/categories?post=153725"},{"taxonomy":"post_tag","embeddable":true,"href":"https:\/\/cdnoticias.com\/index.php\/wp-json\/wp\/v2\/tags?post=153725"}],"curies":[{"name":"wp","href":"https:\/\/api.w.org\/{rel}","templated":true}]}}