{"id":153712,"date":"2025-02-11T10:00:35","date_gmt":"2025-02-11T13:00:35","guid":{"rendered":"https:\/\/cdnoticias.com\/?p=153712"},"modified":"2025-02-11T11:32:37","modified_gmt":"2025-02-11T14:32:37","slug":"especial-atardecer-de-feria-para-colaborar-con-los-damnificados-por-los-incendios-en-el-bolson","status":"publish","type":"post","link":"https:\/\/cdnoticias.com\/index.php\/2025\/02\/11\/especial-atardecer-de-feria-para-colaborar-con-los-damnificados-por-los-incendios-en-el-bolson\/","title":{"rendered":"Especial \u201cAtardecer de Feria\u201d para colaborar con los damnificados por los incendios en El Bols\u00f3n"},"content":{"rendered":"\n<p>Ser\u00e1 este viernes desde las 19:00 en el Centro Cultural San Jos\u00e9.<\/p>\n\n\n\n<hr class=\"wp-block-separator has-alpha-channel-opacity\"\/>\n\n\n\n<p>Este<strong> viernes 14 de febrero <\/strong>se realizar\u00e1 una <strong>edici\u00f3n especial del ciclo de verano \u201cAtardecer de Feria\u201d<\/strong>, organizado por la Secretar\u00eda de Desarrollo Econ\u00f3mico y Productivo, a trav\u00e9s de la Coordinaci\u00f3n de Econom\u00eda Popular y la Subsecretar\u00eda de Cultura y Educaci\u00f3n.<\/p>\n\n\n\n<p><\/p>\n\n\n\n<p>Ser\u00e1 en el<strong> Centro Cultural Municipal \u201cSan Jos\u00e9\u201d desde las 19:00 horas. <\/strong>En esta ocasi\u00f3n tendr\u00e1 un tinte solidario, con el fin de realizar una <strong>colecta de diferentes elementos para colaborar con los damnificados por los da\u00f1os del incendio en el sur de nuestro pa\u00eds.<\/strong><\/p>\n\n\n\n<p><\/p>\n\n\n\n<p><strong>Los elementos que se recibir\u00e1n son:<\/strong><\/p>\n\n\n\n<p><\/p>\n\n\n\n<p>Colirio<br>Platsul<br>Gasas fraccionadas<br>Pa\u00f1ales<br>Mantas<br>S\u00e1banas<br>Alimentos no perecederos<br>Elementos de higiene<br>Alimento balanceado y medicamentos para mascotas<br>Juguetes<br>\u00datiles escolares<br>Cadenas y afilador para motosierras<br>Aceite 2 tiempos<br>Machetes<br>Borcegos<br>Ropa de trabajo<br>Guantes<\/p>\n\n\n\n<p><\/p>\n\n\n\n<p>La convocatoria a emprendedores ha concluido recientemente, como resultado de la cual<strong> m\u00e1s de 90 feriantes participar\u00e1n del evento<\/strong>, para ofrecer una amplia variedad de productos y servicios en stands especialmente dispuestos para la ocasi\u00f3n.<\/p>\n\n\n\n<p><\/p>\n\n\n\n<p>Como es habitual en este tipo de propuestas, <strong>habr\u00e1 m\u00fasica en vivo<\/strong>, en esta ocasi\u00f3n a cargo de las bandas<strong> \u201cS\u00fabditos del Rey\u201d<\/strong>, con un tributo a Los Redondos, <strong>\u201cBossa n\u00b4 People\u201d,<\/strong> quienes interpretar\u00e1n temas de \u201cEl Kuelgue\u201d y cierre a cargo de<strong> \u201cAy Amor\u201d <\/strong>con canciones de Leo Mattioli.<\/p>\n\n\n\n<p><\/p>\n\n\n\n<p>Para aquellos que deseen degustar algo rico mientras disfrutan de la m\u00fasica, habr\u00e1 un<strong> patio de comidas <\/strong>elaboradas por emprendedores gastron\u00f3micos de foodtrucks y bebidas artesanales.<\/p>\n","protected":false},"excerpt":{"rendered":"<p>Ser\u00e1 este viernes desde las 19:00 en el Centro Cultural San Jos\u00e9. Este viernes 14 de febrero se realizar\u00e1 una<\/p>\n","protected":false},"author":5,"featured_media":134605,"comment_status":"closed","ping_status":"closed","sticky":false,"template":"","format":"standard","meta":{"_jetpack_memberships_contains_paid_content":false,"footnotes":""},"categories":[9,1],"tags":[],"class_list":["post-153712","post","type-post","status-publish","format-standard","has-post-thumbnail","hentry","category-cultura","category-portada"],"jetpack_featured_media_url":"https:\/\/i0.wp.com\/cdnoticias.com\/wp-content\/uploads\/2025\/01\/Atardecer-de-Feria-viernes-10-de-enero-00.jpg?fit=1000%2C556&ssl=1","jetpack_sharing_enabled":true,"_links":{"self":[{"href":"https:\/\/cdnoticias.com\/index.php\/wp-json\/wp\/v2\/posts\/153712","targetHints":{"allow":["GET"]}}],"collection":[{"href":"https:\/\/cdnoticias.com\/index.php\/wp-json\/wp\/v2\/posts"}],"about":[{"href":"https:\/\/cdnoticias.com\/index.php\/wp-json\/wp\/v2\/types\/post"}],"author":[{"embeddable":true,"href":"https:\/\/cdnoticias.com\/index.php\/wp-json\/wp\/v2\/users\/5"}],"replies":[{"embeddable":true,"href":"https:\/\/cdnoticias.com\/index.php\/wp-json\/wp\/v2\/comments?post=153712"}],"version-history":[{"count":0,"href":"https:\/\/cdnoticias.com\/index.php\/wp-json\/wp\/v2\/posts\/153712\/revisions"}],"wp:featuredmedia":[{"embeddable":true,"href":"https:\/\/cdnoticias.com\/index.php\/wp-json\/wp\/v2\/media\/134605"}],"wp:attachment":[{"href":"https:\/\/cdnoticias.com\/index.php\/wp-json\/wp\/v2\/media?parent=153712"}],"wp:term":[{"taxonomy":"category","embeddable":true,"href":"https:\/\/cdnoticias.com\/index.php\/wp-json\/wp\/v2\/categories?post=153712"},{"taxonomy":"post_tag","embeddable":true,"href":"https:\/\/cdnoticias.com\/index.php\/wp-json\/wp\/v2\/tags?post=153712"}],"curies":[{"name":"wp","href":"https:\/\/api.w.org\/{rel}","templated":true}]}}