{"id":153710,"date":"2025-02-12T15:27:39","date_gmt":"2025-02-12T18:27:39","guid":{"rendered":"https:\/\/cdnoticias.com\/?p=153710"},"modified":"2025-02-12T15:27:43","modified_gmt":"2025-02-12T18:27:43","slug":"olavarria-en-verano-nueva-correcaminata-nocturna-en-sierras-bayas","status":"publish","type":"post","link":"https:\/\/cdnoticias.com\/index.php\/2025\/02\/12\/olavarria-en-verano-nueva-correcaminata-nocturna-en-sierras-bayas\/","title":{"rendered":"\u201cOlavarr\u00eda en Verano\u201d: nueva Correcaminata Nocturna en Sierras Bayas"},"content":{"rendered":"\n<p>Ser\u00e1 el jueves 13 de febrero desde las 19 horas. El punto de encuentro es el Club San Mart\u00edn.<\/p>\n\n\n\n<hr class=\"wp-block-separator has-alpha-channel-opacity\"\/>\n\n\n\n<p>Este<strong> jueves 13 de febrero<\/strong> se llevar\u00e1 a cabo una <strong>nueva Correcaminata Nocturna, la tercera de la temporada 2024\/2025<\/strong>, que tendr\u00e1 en esta ocasi\u00f3n como escenario a <strong>Sierras Bayas<\/strong>. La actividad se enmarca en el <strong>Programa Municipal \u201cOlavarr\u00eda en Verano\u201d, <\/strong>que durante las \u00faltimas semanas ha brindado a todas y todos los olavarrienses un nutrido programas de propuestas recreativas, culturales y deportivas de acceso libre y gratuito.<\/p>\n\n\n\n<p><\/p>\n\n\n\n<blockquote class=\"wp-block-quote is-layout-flow wp-block-quote-is-layout-flow\">\n<p>La invitaci\u00f3n es para este jueves, a partir de las 19 horas, en el Club San Mart\u00edn de la localidad serrana, que ser\u00e1 el punto de encuentro y desarrollo de actividades para todas las edades. Tal es as\u00ed que el cronograma se iniciar\u00e1 con una clase abierta de Gimnasia.<\/p>\n<\/blockquote>\n\n\n\n<p><\/p>\n\n\n\n<p>Vale destacar que no ser\u00e1 una clase m\u00e1s, sino que ser\u00e1 la <strong>clase de cierre de la temporada 2024\/2025 Gimnasia en los Parques de Sierras Bayas.<\/strong> En ese sentido, una de las novedades de la temporada de verano 2024\/2025 fue no s\u00f3lo la incorporaci\u00f3n de propuestas sino tambi\u00e9n de sedes, para acercar a toda la comunidad la posibilidad de disfrutar de distintas actividades.<\/p>\n\n\n\n<p><\/p>\n\n\n\n<p>Siguiendo con el cronograma de la Correcaminata, <strong>para las 20 horas est\u00e1 estipulado el inicio de las pruebas para las infancias<\/strong>, carreras de velocidad para los m\u00e1s chicos, un verdadero momento de disfrute y emoci\u00f3n para toda la familia.<\/p>\n\n\n\n<p><\/p>\n\n\n\n<blockquote class=\"wp-block-quote is-layout-flow wp-block-quote-is-layout-flow\">\n<p>A las 21 llegar\u00e1 el momento m\u00e1s esperado con la largada de la prueba central. Se recuerda que, si bien el acceso es libre y gratuito, las personas interesadas en participar deber\u00e1n anotarse previamente a trav\u00e9s del formulario online al que se accede haciendo <a href=\"https:\/\/docs.google.com\/forms\/d\/e\/1FAIpQLScPZC6LwNE_aNBnJtRFuA7y3Gq4jy3oEClCg4HK8TcvR7wxLw\/viewform\" data-type=\"link\" data-id=\"https:\/\/docs.google.com\/forms\/d\/e\/1FAIpQLScPZC6LwNE_aNBnJtRFuA7y3Gq4jy3oEClCg4HK8TcvR7wxLw\/viewform\">click aqu\u00ed.<\/a><\/p>\n<\/blockquote>\n\n\n\n<p><\/p>\n\n\n\n<p>En todo el trayecto se contar\u00e1 con la presencia de banderilleros y colaboradores, para garantizar el normal y seguro desarrollo de la prueba. En ese sentido, se apela a la colaboraci\u00f3n y racionalidad de vecinos y vecinas de la localidad para poder disfrutar de una verdadera fiesta. <strong>El recorrido, de unos tres kil\u00f3metros de extensi\u00f3n, tiene como punto de largada y arribo al Club San Mart\u00edn, previo paso por Villa Arrieta y retorno por Alfonso Aust, calle reconocida por ser utilizada para el descenso de los Reyes Magos <\/strong>en la tradicional y masiva fiesta de la localidad serrana.<\/p>\n","protected":false},"excerpt":{"rendered":"<p>Ser\u00e1 el jueves 13 de febrero desde las 19 horas. El punto de encuentro es el Club San Mart\u00edn. Este<\/p>\n","protected":false},"author":5,"featured_media":134786,"comment_status":"closed","ping_status":"closed","sticky":false,"template":"","format":"standard","meta":{"_jetpack_memberships_contains_paid_content":false,"footnotes":""},"categories":[30,1],"tags":[],"class_list":["post-153710","post","type-post","status-publish","format-standard","has-post-thumbnail","hentry","category-polideportivo","category-portada"],"jetpack_featured_media_url":"https:\/\/i0.wp.com\/cdnoticias.com\/wp-content\/uploads\/2025\/01\/Correcaminata-Loma-Negra-web-48.jpg?fit=1400%2C931&ssl=1","jetpack_sharing_enabled":true,"_links":{"self":[{"href":"https:\/\/cdnoticias.com\/index.php\/wp-json\/wp\/v2\/posts\/153710","targetHints":{"allow":["GET"]}}],"collection":[{"href":"https:\/\/cdnoticias.com\/index.php\/wp-json\/wp\/v2\/posts"}],"about":[{"href":"https:\/\/cdnoticias.com\/index.php\/wp-json\/wp\/v2\/types\/post"}],"author":[{"embeddable":true,"href":"https:\/\/cdnoticias.com\/index.php\/wp-json\/wp\/v2\/users\/5"}],"replies":[{"embeddable":true,"href":"https:\/\/cdnoticias.com\/index.php\/wp-json\/wp\/v2\/comments?post=153710"}],"version-history":[{"count":0,"href":"https:\/\/cdnoticias.com\/index.php\/wp-json\/wp\/v2\/posts\/153710\/revisions"}],"wp:featuredmedia":[{"embeddable":true,"href":"https:\/\/cdnoticias.com\/index.php\/wp-json\/wp\/v2\/media\/134786"}],"wp:attachment":[{"href":"https:\/\/cdnoticias.com\/index.php\/wp-json\/wp\/v2\/media?parent=153710"}],"wp:term":[{"taxonomy":"category","embeddable":true,"href":"https:\/\/cdnoticias.com\/index.php\/wp-json\/wp\/v2\/categories?post=153710"},{"taxonomy":"post_tag","embeddable":true,"href":"https:\/\/cdnoticias.com\/index.php\/wp-json\/wp\/v2\/tags?post=153710"}],"curies":[{"name":"wp","href":"https:\/\/api.w.org\/{rel}","templated":true}]}}