{"id":153708,"date":"2025-02-11T11:12:39","date_gmt":"2025-02-11T14:12:39","guid":{"rendered":"https:\/\/cdnoticias.com\/?p=153708"},"modified":"2025-02-11T12:47:36","modified_gmt":"2025-02-11T15:47:36","slug":"el-programa-municipal-barrio-por-barrio-llegara-a-loma-negra","status":"publish","type":"post","link":"https:\/\/cdnoticias.com\/index.php\/2025\/02\/11\/el-programa-municipal-barrio-por-barrio-llegara-a-loma-negra\/","title":{"rendered":"El Programa Municipal Barrio por Barrio llegar\u00e1 a Loma Negra"},"content":{"rendered":"<p>Este mi\u00e9rcoles desde las 9 en la plaza Libertad, la posibilidad de acceder a los distintos tr\u00e1mites y gestiones. Se invit\u00f3 a participar a toda la comunidad.<!--more--><\/p>\n<hr \/>\n<p>El Municipio de Olavarr\u00eda inform\u00f3 que <strong>este mi\u00e9rcoles<\/strong> se llevar\u00e1 a cabo una nueva edici\u00f3n del <strong>Programa Municipal \u201cBarrio por Barrio\u201d<\/strong>, el dispositivo de abordaje territorial e integral que acerca a la comunidad la posibilidad de <strong>acceder a los distintos tr\u00e1mites y gestiones<\/strong> que se realizan desde la comuna. En esta ocasi\u00f3n la actividad tendr\u00e1 como destinataria a <strong>Loma Negra<\/strong>, por lo que se invit\u00f3 a sumarse a todas y todos los habitantes de esa localidad.<\/p>\n<blockquote><p>La convocatoria es a partir de las 9 horas, en la plaza Libertad, que durante la jornada ser\u00e1 el punto de encuentro donde las personas interesadas podr\u00e1n acercarse a evacuar cualquier inquietud o tr\u00e1mite.<\/p><\/blockquote>\n<p>A la par, desde all\u00ed saldr\u00e1n <strong>distintos equipos de trabajo<\/strong> para dar respuestas inmediatas y concretas en materia, por ejemplo, de <strong>limpieza y mantenimiento de calles y espacios p\u00fablicos<\/strong>. Inclusive, como ha sucedido en las ediciones anteriores, tambi\u00e9n se trabajar\u00e1 de manera simult\u00e1nea y complementaria con personal de empresas que brindan servicios para el Municipio, como <strong>Coopelectric y Transportes Malvinas<\/strong>, para una respuesta integral.<\/p>\n<p>Asimismo tambi\u00e9n se desarrollan <strong>tareas de prevenci\u00f3n y concientizaci\u00f3n en relaci\u00f3n al dengue<\/strong> y la importancia del descacharrado por parte del equipo de Epidemiolog\u00eda, a la par desde el \u00e1rea de Bromatolog\u00eda se realizar\u00e1 un abordaje en materia de<strong> inmunizaciones para perros y gatos<\/strong>.<\/p>\n<p>Este tipo de jornadas territoriales plantean un abordaje integral, para lo cual se dispone de <strong>la participaci\u00f3n del Intendente y los funcionarios del gabinete<\/strong>, junto con personal de las distintas \u00e1reas de gesti\u00f3n municipal: <em>Salud, Educaci\u00f3n, Protecci\u00f3n Ciudadana, Obras P\u00fablicas, Desarrollo de la Comunidad, Defensa al Consumidor, Asuntos Legales<\/em>, entre otras \u00e1reas.<\/p>\n<blockquote><p>Se renov\u00f3 la \u201cinvitaci\u00f3n a participar a toda la comunidad para que se acerque a la plaza Libertad, pero tambi\u00e9n para que reciba al personal municipal que tambi\u00e9n realizar\u00e1 un abordaje puerta a puerta para acercar servicios y gesti\u00f3n de tr\u00e1mites, como as\u00ed tambi\u00e9n recepcionar consultas\u201d cerr\u00f3 el Municipio.<\/p><\/blockquote>\n","protected":false},"excerpt":{"rendered":"<p>Este mi\u00e9rcoles desde las 9 en la plaza Libertad, la posibilidad de acceder a los distintos tr\u00e1mites y gestiones. Se<\/p>\n","protected":false},"author":4,"featured_media":76571,"comment_status":"closed","ping_status":"closed","sticky":false,"template":"","format":"standard","meta":{"_jetpack_memberships_contains_paid_content":false,"footnotes":""},"categories":[5,1],"tags":[],"class_list":["post-153708","post","type-post","status-publish","format-standard","has-post-thumbnail","hentry","category-informacion-general","category-portada"],"jetpack_featured_media_url":"https:\/\/i0.wp.com\/cdnoticias.com\/wp-content\/uploads\/2023\/02\/lomanegra.jpg?fit=800%2C445&ssl=1","jetpack_sharing_enabled":true,"_links":{"self":[{"href":"https:\/\/cdnoticias.com\/index.php\/wp-json\/wp\/v2\/posts\/153708","targetHints":{"allow":["GET"]}}],"collection":[{"href":"https:\/\/cdnoticias.com\/index.php\/wp-json\/wp\/v2\/posts"}],"about":[{"href":"https:\/\/cdnoticias.com\/index.php\/wp-json\/wp\/v2\/types\/post"}],"author":[{"embeddable":true,"href":"https:\/\/cdnoticias.com\/index.php\/wp-json\/wp\/v2\/users\/4"}],"replies":[{"embeddable":true,"href":"https:\/\/cdnoticias.com\/index.php\/wp-json\/wp\/v2\/comments?post=153708"}],"version-history":[{"count":0,"href":"https:\/\/cdnoticias.com\/index.php\/wp-json\/wp\/v2\/posts\/153708\/revisions"}],"wp:featuredmedia":[{"embeddable":true,"href":"https:\/\/cdnoticias.com\/index.php\/wp-json\/wp\/v2\/media\/76571"}],"wp:attachment":[{"href":"https:\/\/cdnoticias.com\/index.php\/wp-json\/wp\/v2\/media?parent=153708"}],"wp:term":[{"taxonomy":"category","embeddable":true,"href":"https:\/\/cdnoticias.com\/index.php\/wp-json\/wp\/v2\/categories?post=153708"},{"taxonomy":"post_tag","embeddable":true,"href":"https:\/\/cdnoticias.com\/index.php\/wp-json\/wp\/v2\/tags?post=153708"}],"curies":[{"name":"wp","href":"https:\/\/api.w.org\/{rel}","templated":true}]}}