{"id":153706,"date":"2025-02-11T09:29:39","date_gmt":"2025-02-11T12:29:39","guid":{"rendered":"https:\/\/cdnoticias.com\/?p=153706"},"modified":"2025-02-11T09:29:43","modified_gmt":"2025-02-11T12:29:43","slug":"sociales-dictara-un-curso-de-ingles-para-principiantes","status":"publish","type":"post","link":"https:\/\/cdnoticias.com\/index.php\/2025\/02\/11\/sociales-dictara-un-curso-de-ingles-para-principiantes\/","title":{"rendered":"Sociales dictar\u00e1 un curso de ingl\u00e9s para principiantes"},"content":{"rendered":"\n<p>La propuesta de \u201cIngl\u00e9s desde Cero\u201d ser\u00e1 con modalidad intensiva y se extender\u00e1 a lo largo de cuatro clases. Est\u00e1 destinada a personas que no tengan conocimientos previos del idioma.<\/p>\n\n\n\n<hr class=\"wp-block-separator has-alpha-channel-opacity\"\/>\n\n\n\n<p>El Laboratorio de Idiomas de la Facultad de Ciencias Sociales (UNICEN) abri\u00f3 la inscripci\u00f3n al curso \u201cIngl\u00e9s desde Cero\u201d, una <strong>propuesta destinada solo para personas sin conocimientos previos en este idioma <\/strong>y que deseen prepararse para iniciar un curso nivel A1.<\/p>\n\n\n\n<p><\/p>\n\n\n\n<p><strong>Este curso est\u00e1 dirigido a adultos y j\u00f3venes que pretendan iniciar su aprendizaje del ingl\u00e9s de manera estructurada y efectiva. <\/strong>Con \u201cIngl\u00e9s desde Cero\u201d, los\/as estudiantes obtendr\u00e1n la seguridad y herramientas necesarias para continuar su formaci\u00f3n en el idioma y desenvolverse en situaciones b\u00e1sicas de la vida cotidiana.<\/p>\n\n\n\n<p><\/p>\n\n\n\n<p>A trav\u00e9s de estrategias din\u00e1micas, material adaptado y un enfoque comunicativo, los\/as estudiantes desarrollar\u00e1n habilidades en <strong>comprensi\u00f3n oral, expresi\u00f3n escrita, pronunciaci\u00f3n y vocabulario esencial para la vida cotidiana.<\/strong><\/p>\n\n\n\n<p><\/p>\n\n\n\n<blockquote class=\"wp-block-quote is-layout-flow wp-block-quote-is-layout-flow\">\n<p>El curso dar\u00e1 inicio el mi\u00e9rcoles 12 de febrero de 17 a 19, con modalidad virtual. El mismo se dictar\u00e1 a lo largo de cuatro encuentros y estar\u00e1 a cargo de la Prof. Jimena Urruti.<\/p>\n<\/blockquote>\n\n\n\n<p><\/p>\n\n\n\n<p>En los pr\u00f3ximos d\u00edas abrir\u00e1 la inscripci\u00f3n para los niveles de ingl\u00e9s A1 y superiores.<\/p>\n\n\n\n<p><\/p>\n\n\n\n<p>Por inscripci\u00f3n ingresar a www.soc.unicen.edu.ar, comunicarse a idiomas@soc.unicen.edu.ar o por Whatsapp al 2284-500331.<\/p>\n","protected":false},"excerpt":{"rendered":"<p>La propuesta de \u201cIngl\u00e9s desde Cero\u201d ser\u00e1 con modalidad intensiva y se extender\u00e1 a lo largo de cuatro clases. Est\u00e1<\/p>\n","protected":false},"author":5,"featured_media":83263,"comment_status":"closed","ping_status":"closed","sticky":false,"template":"","format":"standard","meta":{"_jetpack_memberships_contains_paid_content":false,"footnotes":""},"categories":[5,1],"tags":[],"class_list":["post-153706","post","type-post","status-publish","format-standard","has-post-thumbnail","hentry","category-informacion-general","category-portada"],"jetpack_featured_media_url":"https:\/\/i0.wp.com\/cdnoticias.com\/wp-content\/uploads\/2023\/04\/Facultad-de-Ciencias-Sociales-1.jpg?fit=2000%2C1159&ssl=1","jetpack_sharing_enabled":true,"_links":{"self":[{"href":"https:\/\/cdnoticias.com\/index.php\/wp-json\/wp\/v2\/posts\/153706","targetHints":{"allow":["GET"]}}],"collection":[{"href":"https:\/\/cdnoticias.com\/index.php\/wp-json\/wp\/v2\/posts"}],"about":[{"href":"https:\/\/cdnoticias.com\/index.php\/wp-json\/wp\/v2\/types\/post"}],"author":[{"embeddable":true,"href":"https:\/\/cdnoticias.com\/index.php\/wp-json\/wp\/v2\/users\/5"}],"replies":[{"embeddable":true,"href":"https:\/\/cdnoticias.com\/index.php\/wp-json\/wp\/v2\/comments?post=153706"}],"version-history":[{"count":0,"href":"https:\/\/cdnoticias.com\/index.php\/wp-json\/wp\/v2\/posts\/153706\/revisions"}],"wp:featuredmedia":[{"embeddable":true,"href":"https:\/\/cdnoticias.com\/index.php\/wp-json\/wp\/v2\/media\/83263"}],"wp:attachment":[{"href":"https:\/\/cdnoticias.com\/index.php\/wp-json\/wp\/v2\/media?parent=153706"}],"wp:term":[{"taxonomy":"category","embeddable":true,"href":"https:\/\/cdnoticias.com\/index.php\/wp-json\/wp\/v2\/categories?post=153706"},{"taxonomy":"post_tag","embeddable":true,"href":"https:\/\/cdnoticias.com\/index.php\/wp-json\/wp\/v2\/tags?post=153706"}],"curies":[{"name":"wp","href":"https:\/\/api.w.org\/{rel}","templated":true}]}}