{"id":1537,"date":"2020-09-14T17:48:31","date_gmt":"2020-09-14T20:48:31","guid":{"rendered":"http:\/\/www.centraldenoticias.com.ar\/?p=1537"},"modified":"2020-09-14T17:48:31","modified_gmt":"2020-09-14T20:48:31","slug":"covid19-en-la-region-laprida-sumo-15-nuevos-casos","status":"publish","type":"post","link":"https:\/\/cdnoticias.com\/index.php\/2020\/09\/14\/covid19-en-la-region-laprida-sumo-15-nuevos-casos\/","title":{"rendered":"Covid19 en la regi\u00f3n: Laprida sum\u00f3 15 nuevos casos"},"content":{"rendered":"<p>As\u00ed fue detallado por el municipio vecina en la jornada de este lunes. El n\u00famero de casos activos trep\u00f3 a 39. En La Madrid, por su parte, se registraron dos nuevos casos.<\/p>\n<hr \/>\n<p>&nbsp;<\/p>\n<p>El n\u00famero de casos de coronavirus en el interior bonaerense sigue en aumento y as\u00ed pudo verse en las \u00faltimas horas en dos distritos vecinos, como los son <strong>Laprida y La Madrid, desde donde se\u00a0 confirmaron nuevos contagios.<\/strong><\/p>\n<p>&nbsp;<\/p>\n<p>La situaci\u00f3n m\u00e1s preocupante se dio en Laprida, donde este lunes el gobierno municipal inform\u00f3 el registro de<strong> 15 contagios de Covid19, lo que elev\u00f3 a 39 la cifra de casos activos.<\/strong><\/p>\n<p>&nbsp;<\/p>\n<figure id=\"attachment_783\" aria-describedby=\"caption-attachment-783\" style=\"width: 800px\" class=\"wp-caption alignnone\"><img data-recalc-dims=\"1\" loading=\"lazy\" decoding=\"async\" class=\"size-large wp-image-783\" src=\"https:\/\/i0.wp.com\/cdnoticias.com\/wp-content\/uploads\/2020\/09\/WhatsApp-Image-2020-09-04-at-16.18.43.jpeg?resize=800%2C533&#038;ssl=1\" alt=\"\" width=\"800\" height=\"533\" srcset=\"https:\/\/i0.wp.com\/cdnoticias.com\/wp-content\/uploads\/2020\/09\/WhatsApp-Image-2020-09-04-at-16.18.43.jpeg?resize=1024%2C682&amp;ssl=1 1024w, https:\/\/i0.wp.com\/cdnoticias.com\/wp-content\/uploads\/2020\/09\/WhatsApp-Image-2020-09-04-at-16.18.43.jpeg?resize=300%2C200&amp;ssl=1 300w, https:\/\/i0.wp.com\/cdnoticias.com\/wp-content\/uploads\/2020\/09\/WhatsApp-Image-2020-09-04-at-16.18.43.jpeg?resize=768%2C512&amp;ssl=1 768w, https:\/\/i0.wp.com\/cdnoticias.com\/wp-content\/uploads\/2020\/09\/WhatsApp-Image-2020-09-04-at-16.18.43.jpeg?resize=272%2C182&amp;ssl=1 272w, https:\/\/i0.wp.com\/cdnoticias.com\/wp-content\/uploads\/2020\/09\/WhatsApp-Image-2020-09-04-at-16.18.43.jpeg?w=1280&amp;ssl=1 1280w\" sizes=\"auto, (max-width: 800px) 100vw, 800px\" \/><figcaption id=\"caption-attachment-783\" class=\"wp-caption-text\">El intendente de Laprida, Pablo Torres. Gentileza Prensa Municipal<\/figcaption><\/figure>\n<p>&nbsp;<\/p>\n<p>En el parte diario se expres\u00f3 adem\u00e1s que <strong>5 personas fueron dadas de alta, mientras que se aguarda por el resultado de los test practicados a otros 9 lapridenses<\/strong>. Actualmente seis personas se encuentran internadas en el hospital de esa ciudad, mientras que un sexto paciente se encuentra en el \u00e1rea de cuidados intensivos del Hospital Doctor H\u00e9ctor Cura de Olavarr\u00eda.<\/p>\n<p>&nbsp;<\/p>\n<p><strong>En La Madrid, por su parte, se confirm\u00f3 el registro de dos nuevos test positivos de coronavirus<\/strong>. Son cinco los casos activos y tambi\u00e9n se aguarda por el resultado de 9 hisopados.<\/p>\n<p>&nbsp;<\/p>\n","protected":false},"excerpt":{"rendered":"<p>As\u00ed fue detallado por el municipio vecina en la jornada de este lunes. El n\u00famero de casos activos trep\u00f3 a<\/p>\n","protected":false},"author":3,"featured_media":784,"comment_status":"closed","ping_status":"closed","sticky":false,"template":"","format":"standard","meta":{"_jetpack_memberships_contains_paid_content":false,"footnotes":""},"categories":[6,1],"tags":[],"class_list":["post-1537","post","type-post","status-publish","format-standard","has-post-thumbnail","hentry","category-nacionales","category-portada"],"jetpack_featured_media_url":"https:\/\/i0.wp.com\/cdnoticias.com\/wp-content\/uploads\/2020\/09\/WhatsApp-Image-2020-09-04-at-16.17.34.jpeg?fit=1280%2C853&ssl=1","jetpack_sharing_enabled":true,"_links":{"self":[{"href":"https:\/\/cdnoticias.com\/index.php\/wp-json\/wp\/v2\/posts\/1537","targetHints":{"allow":["GET"]}}],"collection":[{"href":"https:\/\/cdnoticias.com\/index.php\/wp-json\/wp\/v2\/posts"}],"about":[{"href":"https:\/\/cdnoticias.com\/index.php\/wp-json\/wp\/v2\/types\/post"}],"author":[{"embeddable":true,"href":"https:\/\/cdnoticias.com\/index.php\/wp-json\/wp\/v2\/users\/3"}],"replies":[{"embeddable":true,"href":"https:\/\/cdnoticias.com\/index.php\/wp-json\/wp\/v2\/comments?post=1537"}],"version-history":[{"count":0,"href":"https:\/\/cdnoticias.com\/index.php\/wp-json\/wp\/v2\/posts\/1537\/revisions"}],"wp:featuredmedia":[{"embeddable":true,"href":"https:\/\/cdnoticias.com\/index.php\/wp-json\/wp\/v2\/media\/784"}],"wp:attachment":[{"href":"https:\/\/cdnoticias.com\/index.php\/wp-json\/wp\/v2\/media?parent=1537"}],"wp:term":[{"taxonomy":"category","embeddable":true,"href":"https:\/\/cdnoticias.com\/index.php\/wp-json\/wp\/v2\/categories?post=1537"},{"taxonomy":"post_tag","embeddable":true,"href":"https:\/\/cdnoticias.com\/index.php\/wp-json\/wp\/v2\/tags?post=1537"}],"curies":[{"name":"wp","href":"https:\/\/api.w.org\/{rel}","templated":true}]}}