{"id":15368,"date":"2021-03-04T20:45:47","date_gmt":"2021-03-04T23:45:47","guid":{"rendered":"http:\/\/www.centraldenoticias.com.ar\/?p=15368"},"modified":"2021-03-04T20:48:19","modified_gmt":"2021-03-04T23:48:19","slug":"cerca-de-300-personas-entre-personal-docente-y-sanitario-fueron-vacunadas-este-jueves","status":"publish","type":"post","link":"https:\/\/cdnoticias.com\/index.php\/2021\/03\/04\/cerca-de-300-personas-entre-personal-docente-y-sanitario-fueron-vacunadas-este-jueves\/","title":{"rendered":"Cerca de 300 personas, entre personal docente y sanitario, fueron vacunadas este jueves"},"content":{"rendered":"<p>Se trata de la aplicaci\u00f3n de la vacuna Sinopharm en el Servicio Territorial 2.<!--more--><\/p>\n<hr \/>\n<p>En la jornada de este jueves, tal como se enfatiz\u00f3 desde Regi\u00f3n Sanitaria, <strong>283 personas, entre personal docente y sanitario, fueron vacunadas en el Servicio Territorial 2, ubicado sobre avenida Alberdi y Coronel Su\u00e1rez<\/strong>.<\/p>\n<p>&nbsp;<\/p>\n<p>Se tradujo en el<strong> inicio de la aplicaci\u00f3n de la vacuna Sinopharm, que se llev\u00f3 a cabo de 8 a 18<\/strong>. Se a\u00f1adi\u00f3 que fueron dados 30 turnos por hora y una falla en el servicio de internet produjo una demora en la atenci\u00f3n, que ven\u00eda sin mayores dificultades.<strong> Cabe aclarar que por el momento dicha vacuna no es apta para mayores de 60 a\u00f1os.<\/strong><\/p>\n<p>&nbsp;<\/p>\n<p><img data-recalc-dims=\"1\" loading=\"lazy\" decoding=\"async\" class=\"alignnone size-full wp-image-15367\" src=\"https:\/\/i0.wp.com\/cdnoticias.com\/wp-content\/uploads\/2021\/03\/vacunaci%C3%B3n-territorial-2-1.jpg?resize=800%2C483&#038;ssl=1\" alt=\"\" width=\"800\" height=\"483\" srcset=\"https:\/\/i0.wp.com\/cdnoticias.com\/wp-content\/uploads\/2021\/03\/vacunaci%C3%B3n-territorial-2-1.jpg?w=960&amp;ssl=1 960w, https:\/\/i0.wp.com\/cdnoticias.com\/wp-content\/uploads\/2021\/03\/vacunaci%C3%B3n-territorial-2-1.jpg?resize=300%2C181&amp;ssl=1 300w, https:\/\/i0.wp.com\/cdnoticias.com\/wp-content\/uploads\/2021\/03\/vacunaci%C3%B3n-territorial-2-1.jpg?resize=768%2C463&amp;ssl=1 768w\" sizes=\"auto, (max-width: 800px) 100vw, 800px\" \/><\/p>\n<p>&nbsp;<\/p>\n<p>Ramiro Borzi, director de Regi\u00f3n Sanitaria IX, destac\u00f3 <strong>\u201cque en la jornada de hoy se logr\u00f3 vacunar a 283 personas, un n\u00famero sumamente importante para un solo d\u00eda y pedir disculpas por las demoras durante la tarde por una falla en internet que hizo que no se pueda usar correctamente el sistema inform\u00e1tico donde se cargan los datos\u201d.<\/strong><\/p>\n<p>&nbsp;<\/p>\n<p>Los coordinadores a cargo de la vacunaci\u00f3n en dicha sede aseguraron que<strong> realizaron los reclamos correspondientes y por la tarde un equipo t\u00e9cnico ya estaba trabajando para arreglar el desperfecto.<\/strong><\/p>\n","protected":false},"excerpt":{"rendered":"<p>Se trata de la aplicaci\u00f3n de la vacuna Sinopharm en el Servicio Territorial 2.<\/p>\n","protected":false},"author":3,"featured_media":15366,"comment_status":"closed","ping_status":"closed","sticky":false,"template":"","format":"standard","meta":{"_jetpack_memberships_contains_paid_content":false,"footnotes":""},"categories":[5,1],"tags":[],"class_list":["post-15368","post","type-post","status-publish","format-standard","has-post-thumbnail","hentry","category-informacion-general","category-portada"],"jetpack_featured_media_url":"https:\/\/i0.wp.com\/cdnoticias.com\/wp-content\/uploads\/2021\/03\/vacunaci%C3%B3n-territorial-2.jpg?fit=1280%2C847&ssl=1","jetpack_sharing_enabled":true,"_links":{"self":[{"href":"https:\/\/cdnoticias.com\/index.php\/wp-json\/wp\/v2\/posts\/15368","targetHints":{"allow":["GET"]}}],"collection":[{"href":"https:\/\/cdnoticias.com\/index.php\/wp-json\/wp\/v2\/posts"}],"about":[{"href":"https:\/\/cdnoticias.com\/index.php\/wp-json\/wp\/v2\/types\/post"}],"author":[{"embeddable":true,"href":"https:\/\/cdnoticias.com\/index.php\/wp-json\/wp\/v2\/users\/3"}],"replies":[{"embeddable":true,"href":"https:\/\/cdnoticias.com\/index.php\/wp-json\/wp\/v2\/comments?post=15368"}],"version-history":[{"count":0,"href":"https:\/\/cdnoticias.com\/index.php\/wp-json\/wp\/v2\/posts\/15368\/revisions"}],"wp:featuredmedia":[{"embeddable":true,"href":"https:\/\/cdnoticias.com\/index.php\/wp-json\/wp\/v2\/media\/15366"}],"wp:attachment":[{"href":"https:\/\/cdnoticias.com\/index.php\/wp-json\/wp\/v2\/media?parent=15368"}],"wp:term":[{"taxonomy":"category","embeddable":true,"href":"https:\/\/cdnoticias.com\/index.php\/wp-json\/wp\/v2\/categories?post=15368"},{"taxonomy":"post_tag","embeddable":true,"href":"https:\/\/cdnoticias.com\/index.php\/wp-json\/wp\/v2\/tags?post=15368"}],"curies":[{"name":"wp","href":"https:\/\/api.w.org\/{rel}","templated":true}]}}