{"id":15352,"date":"2021-03-04T19:53:53","date_gmt":"2021-03-04T22:53:53","guid":{"rendered":"http:\/\/www.centraldenoticias.com.ar\/?p=15352"},"modified":"2021-03-05T07:43:54","modified_gmt":"2021-03-05T10:43:54","slug":"giro-es-un-ejemplo-de-lo-que-una-ciudad-mediana-puede-lograr-en-latinoamerica","status":"publish","type":"post","link":"https:\/\/cdnoticias.com\/index.php\/2021\/03\/04\/giro-es-un-ejemplo-de-lo-que-una-ciudad-mediana-puede-lograr-en-latinoamerica\/","title":{"rendered":"GIRO: \u201cEs un ejemplo de lo que una ciudad mediana puede lograr en Latinoam\u00e9rica\u201d"},"content":{"rendered":"<p>Se present\u00f3 oficialmente el programa de Gesti\u00f3n Integral de Residuos Olavarr\u00eda. Con la presencia del intendente Galli e integrantes de la Fundaci\u00f3n McKensey, se dieron detalles de c\u00f3mo ser\u00e1 la \u201cprueba piloto\u201d en Los Robles.<!--more--><\/p>\n<hr \/>\n<p>En la tarde de este jueves, en el SUM de Corim,<strong> el Intendente Galli, funcionarios municipales y fomentistas e integrantes de la Fundaci\u00f3n McKinsey presentaron, oficialmente, el Programa GIRO en nuestra ciudad con el inicio de la prueba piloto en barrio Los Robles.<\/strong><\/p>\n<p>&nbsp;<\/p>\n<p>Participaron, adem\u00e1s del jefe comunal, el Secretario de Desarrollo Econ\u00f3mico, Julio Valetutto, la subsecretaria de Empresas e Inversiones Emilia D\u00edaz, el presidente de la Junta Vecinal Los Robles, Javier Fr\u00edas, y la integrante de la Fundaci\u00f3n McKinsey, Larissa Sakamoto.<\/p>\n<p>&nbsp;<\/p>\n<p><img data-recalc-dims=\"1\" loading=\"lazy\" decoding=\"async\" class=\"alignnone size-full wp-image-15354\" src=\"https:\/\/i0.wp.com\/cdnoticias.com\/wp-content\/uploads\/2021\/03\/giro-conferencia-cdn1.jpg?resize=800%2C600&#038;ssl=1\" alt=\"\" width=\"800\" height=\"600\" srcset=\"https:\/\/i0.wp.com\/cdnoticias.com\/wp-content\/uploads\/2021\/03\/giro-conferencia-cdn1.jpg?w=1152&amp;ssl=1 1152w, https:\/\/i0.wp.com\/cdnoticias.com\/wp-content\/uploads\/2021\/03\/giro-conferencia-cdn1.jpg?resize=300%2C225&amp;ssl=1 300w, https:\/\/i0.wp.com\/cdnoticias.com\/wp-content\/uploads\/2021\/03\/giro-conferencia-cdn1.jpg?resize=768%2C576&amp;ssl=1 768w, https:\/\/i0.wp.com\/cdnoticias.com\/wp-content\/uploads\/2021\/03\/giro-conferencia-cdn1.jpg?resize=1024%2C768&amp;ssl=1 1024w\" sizes=\"auto, (max-width: 800px) 100vw, 800px\" \/><\/p>\n<p>&nbsp;<\/p>\n<p>Galli fue el primer orador y se\u00f1al\u00f3 que este proyecto <em>\u201ces parte del equipo, de este equipo tambi\u00e9n forma parte mucha gente, muchas \u00e1reas del municipio\u201d<\/em> y catalog\u00f3 como <strong><em>\u201cun orgullo\u201d<\/em> haber sido <em>\u201cseleccionados entre muchos municipios\u201d<\/em> en referencia a McKinsey.<\/strong><\/p>\n<p>&nbsp;<\/p>\n<blockquote><p>\u201cEstamos convencidos que vamos a tener un buen resultado. Vamos a empezar con 160 familias del barrio Los Robles y es el inicio del camino para que los olavarrienses podamos tener una ciudad m\u00e1s limpia\u201d.<\/p><\/blockquote>\n<p>&nbsp;<\/p>\n<p>A su t\u00e9rmino, Julio Valetutto se\u00f1al\u00f3 que la propuesta <em>\u201ctiene que ver con la salud, con la econom\u00eda de todos los olavarrienses\u201d<\/em>. Y a\u00f1adi\u00f3: <strong><em>\u201cEstoy muy agradecido con todo el equipo, con los vecinos. Es un mont\u00f3n de gente trabajando\u201d.<\/em><\/strong><\/p>\n<p>&nbsp;<\/p>\n<p><img data-recalc-dims=\"1\" loading=\"lazy\" decoding=\"async\" class=\"alignnone size-full wp-image-15353\" src=\"https:\/\/i0.wp.com\/cdnoticias.com\/wp-content\/uploads\/2021\/03\/giro-conferencia-cdn.jpg?resize=800%2C600&#038;ssl=1\" alt=\"\" width=\"800\" height=\"600\" srcset=\"https:\/\/i0.wp.com\/cdnoticias.com\/wp-content\/uploads\/2021\/03\/giro-conferencia-cdn.jpg?w=1152&amp;ssl=1 1152w, https:\/\/i0.wp.com\/cdnoticias.com\/wp-content\/uploads\/2021\/03\/giro-conferencia-cdn.jpg?resize=300%2C225&amp;ssl=1 300w, https:\/\/i0.wp.com\/cdnoticias.com\/wp-content\/uploads\/2021\/03\/giro-conferencia-cdn.jpg?resize=768%2C576&amp;ssl=1 768w, https:\/\/i0.wp.com\/cdnoticias.com\/wp-content\/uploads\/2021\/03\/giro-conferencia-cdn.jpg?resize=1024%2C768&amp;ssl=1 1024w\" sizes=\"auto, (max-width: 800px) 100vw, 800px\" \/><\/p>\n<p>&nbsp;<\/p>\n<blockquote><p>\u201cQueremos tener una ciudad moderna, sustentable. Una ciudad modelo. Este proyecto va a cambiar la vida de todos, la va a cambiar para bien. Es una gran oportunidad\u201d.<\/p><\/blockquote>\n<p>&nbsp;<\/p>\n<p>Tambi\u00e9n hubo un peque\u00f1o discurso de<strong> Javier Fr\u00edas<\/strong>, quien valor\u00f3 la decisi\u00f3n de trasladar tama\u00f1o proyecto al barrio. <em>\u201cEstamos muy contentos como barrio de haber sido elegidos<\/em>\u201d dijo.<\/p>\n<p>&nbsp;<\/p>\n<p><img data-recalc-dims=\"1\" loading=\"lazy\" decoding=\"async\" class=\"alignnone size-full wp-image-15357\" src=\"https:\/\/i0.wp.com\/cdnoticias.com\/wp-content\/uploads\/2021\/03\/giro-conferencia-cdn4.jpg?resize=800%2C600&#038;ssl=1\" alt=\"\" width=\"800\" height=\"600\" srcset=\"https:\/\/i0.wp.com\/cdnoticias.com\/wp-content\/uploads\/2021\/03\/giro-conferencia-cdn4.jpg?w=1152&amp;ssl=1 1152w, https:\/\/i0.wp.com\/cdnoticias.com\/wp-content\/uploads\/2021\/03\/giro-conferencia-cdn4.jpg?resize=300%2C225&amp;ssl=1 300w, https:\/\/i0.wp.com\/cdnoticias.com\/wp-content\/uploads\/2021\/03\/giro-conferencia-cdn4.jpg?resize=768%2C576&amp;ssl=1 768w, https:\/\/i0.wp.com\/cdnoticias.com\/wp-content\/uploads\/2021\/03\/giro-conferencia-cdn4.jpg?resize=1024%2C768&amp;ssl=1 1024w\" sizes=\"auto, (max-width: 800px) 100vw, 800px\" \/><\/p>\n<p>&nbsp;<\/p>\n<p>Emilia D\u00edaz, por su parte, indic\u00f3 que en las primeras horas de la prueba piloto<em> \u201cvemos un gran compromiso, muchas ganas\u201d<\/em> y adem\u00e1s detall\u00f3 <a href=\"https:\/\/cdnoticias.com\/index.php\/2021\/03\/03\/separacion-de-residuos-como-es-la-prueba-piloto-en-los-robles\/\" target=\"_blank\" rel=\"noopener\">c\u00f3mo ser\u00e1 el funcionamiento de dicha prueba, algo que fue adelantado por la funcionaria a Central de Noticias d\u00edas atr\u00e1s.<\/a><\/p>\n<p>&nbsp;<\/p>\n<p><img data-recalc-dims=\"1\" loading=\"lazy\" decoding=\"async\" class=\"alignnone size-full wp-image-15356\" src=\"https:\/\/i0.wp.com\/cdnoticias.com\/wp-content\/uploads\/2021\/03\/giro-conferencia-cdn3.jpg?resize=800%2C600&#038;ssl=1\" alt=\"\" width=\"800\" height=\"600\" srcset=\"https:\/\/i0.wp.com\/cdnoticias.com\/wp-content\/uploads\/2021\/03\/giro-conferencia-cdn3.jpg?w=1152&amp;ssl=1 1152w, https:\/\/i0.wp.com\/cdnoticias.com\/wp-content\/uploads\/2021\/03\/giro-conferencia-cdn3.jpg?resize=300%2C225&amp;ssl=1 300w, https:\/\/i0.wp.com\/cdnoticias.com\/wp-content\/uploads\/2021\/03\/giro-conferencia-cdn3.jpg?resize=768%2C576&amp;ssl=1 768w, https:\/\/i0.wp.com\/cdnoticias.com\/wp-content\/uploads\/2021\/03\/giro-conferencia-cdn3.jpg?resize=1024%2C768&amp;ssl=1 1024w\" sizes=\"auto, (max-width: 800px) 100vw, 800px\" \/><\/p>\n<p>&nbsp;<\/p>\n<p><em><strong>\u201cVa a durar 7 semanas y son 160 hogares\u201d<\/strong><\/em> relat\u00f3 dando cuenta de la importancia del piloto y la gran cantidad de vecinos y vecinas participando.<\/p>\n<p>&nbsp;<\/p>\n<p>Sakamoto fue la \u00faltima oradora y dijo, con contundencia, que GIRO<strong><em> \u201ces un ejemplo de lo que una ciudad mediana puede lograr en Latinoam\u00e9rica\u201d<\/em><\/strong>. Realiz\u00f3 un balance y se\u00f1al\u00f3 que la Fundaci\u00f3n <em>\u201clogr\u00f3 que un 40 por ciento de los hogares separen compostables\u201d.<\/em><\/p>\n<p>&nbsp;<\/p>\n<p><img data-recalc-dims=\"1\" loading=\"lazy\" decoding=\"async\" class=\"alignnone size-full wp-image-15359\" src=\"https:\/\/i0.wp.com\/cdnoticias.com\/wp-content\/uploads\/2021\/03\/giro-conferencia-cdn6.jpg?resize=800%2C600&#038;ssl=1\" alt=\"\" width=\"800\" height=\"600\" srcset=\"https:\/\/i0.wp.com\/cdnoticias.com\/wp-content\/uploads\/2021\/03\/giro-conferencia-cdn6.jpg?w=1152&amp;ssl=1 1152w, https:\/\/i0.wp.com\/cdnoticias.com\/wp-content\/uploads\/2021\/03\/giro-conferencia-cdn6.jpg?resize=300%2C225&amp;ssl=1 300w, https:\/\/i0.wp.com\/cdnoticias.com\/wp-content\/uploads\/2021\/03\/giro-conferencia-cdn6.jpg?resize=768%2C576&amp;ssl=1 768w, https:\/\/i0.wp.com\/cdnoticias.com\/wp-content\/uploads\/2021\/03\/giro-conferencia-cdn6.jpg?resize=1024%2C768&amp;ssl=1 1024w\" sizes=\"auto, (max-width: 800px) 100vw, 800px\" \/><\/p>\n<p>&nbsp;<\/p>\n<p><em>\u201cSon resultados que motivan a seguir trabajando. Muchas gracias a los vecinos del barrio Los Robles, que nos ayudar\u00e1 a llevar reciclaje y compostaje a toda la Argentina\u201d<\/em> cerr\u00f3 y anticip\u00f3 que, tras la evaluaci\u00f3n del primer piloto, ir\u00e1n ampliando el programa al resto de la ciudad.<\/p>\n","protected":false},"excerpt":{"rendered":"<p>Se present\u00f3 oficialmente el programa de Gesti\u00f3n Integral de Residuos Olavarr\u00eda. Con la presencia del intendente Galli e integrantes de<\/p>\n","protected":false},"author":2,"featured_media":15358,"comment_status":"closed","ping_status":"closed","sticky":false,"template":"","format":"standard","meta":{"_jetpack_memberships_contains_paid_content":false,"footnotes":""},"categories":[5,1],"tags":[],"class_list":["post-15352","post","type-post","status-publish","format-standard","has-post-thumbnail","hentry","category-informacion-general","category-portada"],"jetpack_featured_media_url":"https:\/\/i0.wp.com\/cdnoticias.com\/wp-content\/uploads\/2021\/03\/giro-conferencia-cdn5.jpg?fit=1152%2C864&ssl=1","jetpack_sharing_enabled":true,"_links":{"self":[{"href":"https:\/\/cdnoticias.com\/index.php\/wp-json\/wp\/v2\/posts\/15352","targetHints":{"allow":["GET"]}}],"collection":[{"href":"https:\/\/cdnoticias.com\/index.php\/wp-json\/wp\/v2\/posts"}],"about":[{"href":"https:\/\/cdnoticias.com\/index.php\/wp-json\/wp\/v2\/types\/post"}],"author":[{"embeddable":true,"href":"https:\/\/cdnoticias.com\/index.php\/wp-json\/wp\/v2\/users\/2"}],"replies":[{"embeddable":true,"href":"https:\/\/cdnoticias.com\/index.php\/wp-json\/wp\/v2\/comments?post=15352"}],"version-history":[{"count":0,"href":"https:\/\/cdnoticias.com\/index.php\/wp-json\/wp\/v2\/posts\/15352\/revisions"}],"wp:featuredmedia":[{"embeddable":true,"href":"https:\/\/cdnoticias.com\/index.php\/wp-json\/wp\/v2\/media\/15358"}],"wp:attachment":[{"href":"https:\/\/cdnoticias.com\/index.php\/wp-json\/wp\/v2\/media?parent=15352"}],"wp:term":[{"taxonomy":"category","embeddable":true,"href":"https:\/\/cdnoticias.com\/index.php\/wp-json\/wp\/v2\/categories?post=15352"},{"taxonomy":"post_tag","embeddable":true,"href":"https:\/\/cdnoticias.com\/index.php\/wp-json\/wp\/v2\/tags?post=15352"}],"curies":[{"name":"wp","href":"https:\/\/api.w.org\/{rel}","templated":true}]}}