{"id":15323,"date":"2021-03-04T15:22:31","date_gmt":"2021-03-04T18:22:31","guid":{"rendered":"http:\/\/www.centraldenoticias.com.ar\/?p=15323"},"modified":"2021-03-04T15:23:55","modified_gmt":"2021-03-04T18:23:55","slug":"la-mitica-unidad-penal-2-de-sierra-chica-cumple-139-anos","status":"publish","type":"post","link":"https:\/\/cdnoticias.com\/index.php\/2021\/03\/04\/la-mitica-unidad-penal-2-de-sierra-chica-cumple-139-anos\/","title":{"rendered":"La m\u00edtica Unidad Penal 2 de Sierra Chica cumple 139 a\u00f1os"},"content":{"rendered":"<p>\u201cUna de las c\u00e1rceles emblema del Servicio Penitenciario Bonaerense\u201d, se enfatiz\u00f3 en el comunicado enviado desde el \u00e1rea de prensa del Complejo Centro Zona Sur.<!--more--><\/p>\n<hr \/>\n<p>En la jornada de este jueves se cumplen 139 a\u00f1os de la inauguraci\u00f3n de la Unidad 2 de Sierra Chica,<strong> \u201cuna de las c\u00e1rceles emblema\u201d<\/strong>, tal cual se enfatiz\u00f3 desde el propio Servicio Penitenciario Bonaerense.<\/p>\n<p>&nbsp;<\/p>\n<p>Con motivo de la fecha se emiti\u00f3 un comunicado que compartimos a continuaci\u00f3n.<\/p>\n<p>&nbsp;<\/p>\n<p>Un d\u00eda como hoy hace 139 a\u00f1os fue construida una de las c\u00e1rceles emblema del Servicio Penitenciario Bonaerense, la Unidad N\u00ba 2 de Sierra Chica. Hoy su estructura se encuentra actualizada, aunque su meta contin\u00faa siendo brindar seguridad a la sociedad, cuidado y posibilidades de cambio a quienes por diferentes causas viven tras sus muros\u201d, se complet\u00f3.<\/p>\n<p>&nbsp;<\/p>\n<p>D\u00edas atr\u00e1s el Ministro de Justicia y Derechos Humanos, Dr. Julio Alak, visit\u00f3 la c\u00e1rcel de m\u00e1xima seguridad en el marco del lanzamiento formal del nuevo Plan de Capacitaci\u00f3n Integral planificado para todo el personal penitenciario en actividad. Alak felicit\u00f3 al personal por su accionar en el contexto de la Pandemia por el Covid 19, \u201cdurante la pandemia las Fuerzas de Seguridad y el Servicio Penitenciario adquirieron gran prestigio, porque no se cerraron como otras instituciones. Las c\u00e1rceles siguieron abiertas y eso es una medalla que el SPB va a tener en su historia, que en la pandemia las c\u00e1rceles siguieron trabajando. Que en la pandemia hubo m\u00e1s penitenciarios contagiados que internos y eso se debi\u00f3 a los cuidados que se tuvieron, lo cual es invalorable\u201d, destac\u00f3 el funcionario.<\/p>\n<p>&nbsp;<\/p>\n<p>Desde hace a\u00f1os las diferentes Jefaturas de la Unidad N\u00ba2\u00a0 han apostado a incrementar el cuidado e inclusi\u00f3n social del privado de la libertad, para ello se inaugur\u00f3 un sector intramuros con cinco nuevos talleres y seis espacios de trabajo. Los detenidos pueden capacitarse en automotores, chapa y pintura, mec\u00e1nica, herrer\u00eda en general, carpinter\u00eda met\u00e1lica, recuperaci\u00f3n de equipos inform\u00e1ticos, construcci\u00f3n de cepillos, talabarter\u00eda, re tapizado de asientos de autom\u00f3viles, f\u00e1brica de bloques y de baldosas.<\/p>\n<p>&nbsp;<\/p>\n<p>Son hist\u00f3ricos en su permanencia los espacios de trabajo en la secci\u00f3n Talleres con oficios como tapicer\u00eda, granja y carpinter\u00eda, fuera de los muros los internos trabajan en quintas y micro granja donde se siembran y cosechan verduras para su propio consumo. El trabajo de intramuros est\u00e1 orientado al desempe\u00f1o de tareas como alba\u00f1iler\u00eda, carpinter\u00eda y manualidades, cocina, maestranza, planta purificadora, peluquer\u00eda, carpinter\u00eda, herrer\u00eda, talabarter\u00eda y sastrer\u00eda.<\/p>\n<p>&nbsp;<\/p>\n<p>El personal tambi\u00e9n se encuentra abocado a la implementaci\u00f3n de la Ley de Identidad de G\u00e9nero mediante\u00a0 jornadas integradoras, de intercambio y discusi\u00f3n sobre las tem\u00e1ticas de g\u00e9nero en contexto de encierro. Tambi\u00e9n desarrolla propuestas relacionadas con el cuidado de la salud, culturales y oficios en el pabell\u00f3n de diversidad sexual.<\/p>\n<p>&nbsp;<\/p>\n<p><img data-recalc-dims=\"1\" loading=\"lazy\" decoding=\"async\" class=\"alignnone size-large wp-image-15326\" src=\"https:\/\/i0.wp.com\/cdnoticias.com\/wp-content\/uploads\/2021\/03\/U2-La-Unidad-N%C2%BA2-de-Sierra-Chica-cumple-139-a%C3%B1os-Marzo-2021-2-1024x683.jpg?resize=800%2C534&#038;ssl=1\" alt=\"\" width=\"800\" height=\"534\" srcset=\"https:\/\/i0.wp.com\/cdnoticias.com\/wp-content\/uploads\/2021\/03\/U2-La-Unidad-N%C2%BA2-de-Sierra-Chica-cumple-139-a%C3%B1os-Marzo-2021-2.jpg?resize=1024%2C683&amp;ssl=1 1024w, https:\/\/i0.wp.com\/cdnoticias.com\/wp-content\/uploads\/2021\/03\/U2-La-Unidad-N%C2%BA2-de-Sierra-Chica-cumple-139-a%C3%B1os-Marzo-2021-2.jpg?resize=300%2C200&amp;ssl=1 300w, https:\/\/i0.wp.com\/cdnoticias.com\/wp-content\/uploads\/2021\/03\/U2-La-Unidad-N%C2%BA2-de-Sierra-Chica-cumple-139-a%C3%B1os-Marzo-2021-2.jpg?resize=768%2C512&amp;ssl=1 768w, https:\/\/i0.wp.com\/cdnoticias.com\/wp-content\/uploads\/2021\/03\/U2-La-Unidad-N%C2%BA2-de-Sierra-Chica-cumple-139-a%C3%B1os-Marzo-2021-2.jpg?resize=272%2C182&amp;ssl=1 272w, https:\/\/i0.wp.com\/cdnoticias.com\/wp-content\/uploads\/2021\/03\/U2-La-Unidad-N%C2%BA2-de-Sierra-Chica-cumple-139-a%C3%B1os-Marzo-2021-2.jpg?w=1600&amp;ssl=1 1600w, https:\/\/i0.wp.com\/cdnoticias.com\/wp-content\/uploads\/2021\/03\/U2-La-Unidad-N%C2%BA2-de-Sierra-Chica-cumple-139-a%C3%B1os-Marzo-2021-2.jpg?w=2400&amp;ssl=1 2400w\" sizes=\"auto, (max-width: 800px) 100vw, 800px\" \/><\/p>\n<p>&nbsp;<\/p>\n<p>Los directivos de la Unidad, Cristian Pastorino junto a los Subdirectores de Seguridad, Asistencia y Tratamiento y Administraci\u00f3n, Sergio Braun, Juan Echeverr\u00eda y Gabriela Pizzano respectivamente, apoyan el trabajo diario del personal como as\u00ed tambi\u00e9n de las instituciones educativas que\u00a0 brindan a los internos el acceso a nuevos conocimientos y la posibilidad de reinsertarse en la sociedad.<\/p>\n<p>&nbsp;<\/p>\n<p>Los internos pueden acceder a diferentes niveles educativos: primario, educaci\u00f3n media, terciario, formaci\u00f3n profesional, tambi\u00e9n pueden sumarse a la vida universitaria con su asistencia al aula \u201cRodolfo Walsh\u201d de la UNICEN. En cuanto a deportes, el CEF N\u00ba100 y los profesores de Educaci\u00f3n F\u00edsica de la Unidad planifican diferentes actividades a las que los internos pueden sumarse.<\/p>\n<p>&nbsp;<\/p>\n<p>La Unidad N\u00ba 2 es una de las c\u00e1rceles de la provincia de Buenos Aires m\u00e1s antiguas, aun hoy pueden observarse sus muros de entre 6 y 7 metros de alto, con un espesor en su parte alta de un metro de ancho por donde custodian los guardias y la construcci\u00f3n inicial compuesta de un sistema arquitect\u00f3nico radial.<\/p>\n<p>&nbsp;<\/p>\n<p>Pero tambi\u00e9n ha tenido modificaciones en la arquitectura, entre ellas la creaci\u00f3n de cuatro m\u00f3dulos de autodisciplina, la implementaci\u00f3n de un sistema de calefacci\u00f3n en todas las celdas, una nueva red de lucha contra incendios en cada pabell\u00f3n, nuevos equipos de grupos electr\u00f3genos y la refacci\u00f3n constante de los pabellones que han logrado optimizar las condiciones del privado de la libertad. Se ampli\u00f3 el locutorio de visitas y se cre\u00f3 una plaza con juegos donde los internos reciben a sus familias. La \u00faltima\u00a0 incorporaci\u00f3n apuesta a incrementar la seguridad y consiste en la colocaci\u00f3n de c\u00e1maras en distintos sectores estrat\u00e9gicos del penal con el fin de salvaguardar la vida de todas las personas. A esto deben sumarse los protocolos que se pusieron en marcha en relaci\u00f3n a la pandemia impuesta por el Covid.<\/p>\n<p>&nbsp;<\/p>\n","protected":false},"excerpt":{"rendered":"<p>\u201cUna de las c\u00e1rceles emblema del Servicio Penitenciario Bonaerense\u201d, se enfatiz\u00f3 en el comunicado enviado desde el \u00e1rea de prensa<\/p>\n","protected":false},"author":3,"featured_media":15324,"comment_status":"closed","ping_status":"closed","sticky":false,"template":"","format":"standard","meta":{"_jetpack_memberships_contains_paid_content":false,"footnotes":""},"categories":[5,1],"tags":[],"class_list":["post-15323","post","type-post","status-publish","format-standard","has-post-thumbnail","hentry","category-informacion-general","category-portada"],"jetpack_featured_media_url":"https:\/\/i0.wp.com\/cdnoticias.com\/wp-content\/uploads\/2021\/03\/U2-La-Unidad-N%C2%BA2-de-Sierra-Chica-cumple-139-a%C3%B1os-Marzo-2021-1.jpg?fit=1280%2C853&ssl=1","jetpack_sharing_enabled":true,"_links":{"self":[{"href":"https:\/\/cdnoticias.com\/index.php\/wp-json\/wp\/v2\/posts\/15323","targetHints":{"allow":["GET"]}}],"collection":[{"href":"https:\/\/cdnoticias.com\/index.php\/wp-json\/wp\/v2\/posts"}],"about":[{"href":"https:\/\/cdnoticias.com\/index.php\/wp-json\/wp\/v2\/types\/post"}],"author":[{"embeddable":true,"href":"https:\/\/cdnoticias.com\/index.php\/wp-json\/wp\/v2\/users\/3"}],"replies":[{"embeddable":true,"href":"https:\/\/cdnoticias.com\/index.php\/wp-json\/wp\/v2\/comments?post=15323"}],"version-history":[{"count":0,"href":"https:\/\/cdnoticias.com\/index.php\/wp-json\/wp\/v2\/posts\/15323\/revisions"}],"wp:featuredmedia":[{"embeddable":true,"href":"https:\/\/cdnoticias.com\/index.php\/wp-json\/wp\/v2\/media\/15324"}],"wp:attachment":[{"href":"https:\/\/cdnoticias.com\/index.php\/wp-json\/wp\/v2\/media?parent=15323"}],"wp:term":[{"taxonomy":"category","embeddable":true,"href":"https:\/\/cdnoticias.com\/index.php\/wp-json\/wp\/v2\/categories?post=15323"},{"taxonomy":"post_tag","embeddable":true,"href":"https:\/\/cdnoticias.com\/index.php\/wp-json\/wp\/v2\/tags?post=15323"}],"curies":[{"name":"wp","href":"https:\/\/api.w.org\/{rel}","templated":true}]}}