{"id":15314,"date":"2021-03-04T13:03:23","date_gmt":"2021-03-04T16:03:23","guid":{"rendered":"http:\/\/www.centraldenoticias.com.ar\/?p=15314"},"modified":"2021-03-04T13:03:23","modified_gmt":"2021-03-04T16:03:23","slug":"luego-de-un-ano-reanudan-la-presencialidad-de-las-escuelas-artisticas-municipales","status":"publish","type":"post","link":"https:\/\/cdnoticias.com\/index.php\/2021\/03\/04\/luego-de-un-ano-reanudan-la-presencialidad-de-las-escuelas-artisticas-municipales\/","title":{"rendered":"Luego de un a\u00f1o, reanudan la presencialidad de las Escuelas Art\u00edsticas Municipales"},"content":{"rendered":"<p>La inscripci\u00f3n comenzar\u00e1 el lunes 15 de marzo y habr\u00e1 11 sedes en distintos puntos de la ciudad y las localidades. Las clases comenzar\u00e1n el 5 de abril.<!--more--><\/p>\n<hr \/>\n<p>Tras un a\u00f1o de cierre por la pandemia y un cambio dr\u00e1stico de funcionamiento, <strong>se confirm\u00f3 desde la Subsecretar\u00eda de Cultura que las Escuelas Art\u00edsticas Municipales reanudar\u00e1n su funcionamiento en 11 sedes desde el 5 de abril.<\/strong> El inicio de inscripci\u00f3n ser\u00e1 el 15 de marzo.<\/p>\n<p>&nbsp;<\/p>\n<blockquote><p>Actualmente se trabaja en definir y organizar los protocolos sanitarios correspondientes \u201cen pos de garantizar la continuidad de la presencialidad de los\/as alumnos\/as en cada taller\u201d seg\u00fan explicaron desde la comuna.<\/p><\/blockquote>\n<p>&nbsp;<\/p>\n<p><strong>La inscripci\u00f3n comenzar\u00e1 el lunes 15 de marzo<\/strong> (ser\u00e1 de manera presencial) y se desarrollar\u00e1 de 17 a 19 horas en los siguientes lugares:<\/p>\n<p>&nbsp;<\/p>\n<p><strong>Escuela Municipal de M\u00fasica \u201cHermanos Rossi<\/strong> \u201c- Avda. Pringles 3027-Tel: 444014.<\/p>\n<p><strong>Escuela Municipal de Orfebrer\u00eda y Artesan\u00edas Tradicionales \u201cMaestro Armando Ferreira \u201d<\/strong> \u2013 Bol\u00edvar 3332 \u2013 Tel: 443645.<\/p>\n<p><strong>Escuela Municipal de Cer\u00e1mica de Sierra Bayas<\/strong> \u2013 Alsina entre Roca y Brown.<\/p>\n<p><strong>Escuela Municipal de Danza<\/strong> \u2013 Casa del Bicentenario (Bol\u00edvar y Cerrito) \u2013 Tel: 418454.<\/p>\n<p><strong>Escuela Municipal de Artes Pl\u00e1sticas Leopoldo Boccazzi<\/strong> \u2013 San Mart\u00edn y Pourtal\u00e9 \u2013 Tel: 419036.<\/p>\n<p><strong>Escuela Municipal de Artes Pl\u00e1sticas Sierra Bayas<\/strong> \u2013 Avda. Urquiza 1746.<\/p>\n<p><strong>Escuela Municipal de Teatro<\/strong> \u2013 Casa de la Cultura (Cnel. Su\u00e1rez 2924) \u2013 Tel: 426043.<\/p>\n<p><strong>Escuela Municipal de Ajedrez<\/strong> \u2013 Casa de la Cultura (Cnel. Su\u00e1rez 2924) \u2013 Tel: 426043.<\/p>\n<p><strong>Escuela Municipal Literaria Alfonsina<\/strong> \u2013 Casa de la Cultura (Cnel. Su\u00e1rez 2924) \u2013 Tel: 426043.<\/p>\n<p><strong>Escuela Municipal de Cer\u00e1mica Olavarr\u00eda<\/strong>&#8211; Casa de la Cultura (Cnel. Su\u00e1rez 2924) \u2013 Tel: 426043.<\/p>\n<p>&nbsp;<\/p>\n<p><strong>Las clases dar\u00e1n inicio el 5 de abril.<\/strong> Ante cualquier duda e inquietud pueden comunicarse al mail: escuelasartisticas@olavarria.gov.ar. Tambi\u00e9n podr\u00e1n acercarse de lunes a viernes de 09:00 a 12:30 horas a la Casa de la Cultura (Coronel Su\u00e1rez 2924) o comunicarse telef\u00f3nicamente al (02284) 426043.<\/p>\n<p>&nbsp;<\/p>\n<p><strong>En los pr\u00f3ximos d\u00edas se dar\u00e1 a conocer el cronograma completo de d\u00edas y horarios<\/strong> de las diferentes disciplinas.<\/p>\n","protected":false},"excerpt":{"rendered":"<p>La inscripci\u00f3n comenzar\u00e1 el lunes 15 de marzo y habr\u00e1 11 sedes en distintos puntos de la ciudad y las<\/p>\n","protected":false},"author":2,"featured_media":15318,"comment_status":"closed","ping_status":"closed","sticky":false,"template":"","format":"standard","meta":{"_jetpack_memberships_contains_paid_content":false,"footnotes":""},"categories":[9,1],"tags":[],"class_list":["post-15314","post","type-post","status-publish","format-standard","has-post-thumbnail","hentry","category-cultura","category-portada"],"jetpack_featured_media_url":"https:\/\/i0.wp.com\/cdnoticias.com\/wp-content\/uploads\/2021\/03\/Cultura-Escuelas-Artisticas-1024x682.jpg?fit=1024%2C682&ssl=1","jetpack_sharing_enabled":true,"_links":{"self":[{"href":"https:\/\/cdnoticias.com\/index.php\/wp-json\/wp\/v2\/posts\/15314","targetHints":{"allow":["GET"]}}],"collection":[{"href":"https:\/\/cdnoticias.com\/index.php\/wp-json\/wp\/v2\/posts"}],"about":[{"href":"https:\/\/cdnoticias.com\/index.php\/wp-json\/wp\/v2\/types\/post"}],"author":[{"embeddable":true,"href":"https:\/\/cdnoticias.com\/index.php\/wp-json\/wp\/v2\/users\/2"}],"replies":[{"embeddable":true,"href":"https:\/\/cdnoticias.com\/index.php\/wp-json\/wp\/v2\/comments?post=15314"}],"version-history":[{"count":0,"href":"https:\/\/cdnoticias.com\/index.php\/wp-json\/wp\/v2\/posts\/15314\/revisions"}],"wp:featuredmedia":[{"embeddable":true,"href":"https:\/\/cdnoticias.com\/index.php\/wp-json\/wp\/v2\/media\/15318"}],"wp:attachment":[{"href":"https:\/\/cdnoticias.com\/index.php\/wp-json\/wp\/v2\/media?parent=15314"}],"wp:term":[{"taxonomy":"category","embeddable":true,"href":"https:\/\/cdnoticias.com\/index.php\/wp-json\/wp\/v2\/categories?post=15314"},{"taxonomy":"post_tag","embeddable":true,"href":"https:\/\/cdnoticias.com\/index.php\/wp-json\/wp\/v2\/tags?post=15314"}],"curies":[{"name":"wp","href":"https:\/\/api.w.org\/{rel}","templated":true}]}}