{"id":15310,"date":"2021-03-04T13:05:21","date_gmt":"2021-03-04T16:05:21","guid":{"rendered":"http:\/\/www.centraldenoticias.com.ar\/?p=15310"},"modified":"2021-03-04T13:05:21","modified_gmt":"2021-03-04T16:05:21","slug":"hcd-entrega-de-reconocimientos-a-mujeres-destacadas-de-2019","status":"publish","type":"post","link":"https:\/\/cdnoticias.com\/index.php\/2021\/03\/04\/hcd-entrega-de-reconocimientos-a-mujeres-destacadas-de-2019\/","title":{"rendered":"HCD: entrega de reconocimientos a mujeres destacadas de 2019"},"content":{"rendered":"<p>Adem\u00e1s, se adelant\u00f3 que el lunes se anunciar\u00e1n de manera oficial los reconocimientos de 2020 los cuales se entregar\u00e1n en distintos actos.<!--more--><\/p>\n<hr \/>\n<p>En la ma\u00f1ana de este jueves, <strong>en el patio del edificio del Honorable Concejo Deliberante<\/strong> y cumpliendo las normas sanitarias vigentes, <strong>se entregaron los reconocimientos pendientes a las mujeres<\/strong> que fueron reconocidas por su labor en la comunidad olavarriense durante el a\u00f1o 2019.<\/p>\n<p>&nbsp;<\/p>\n<blockquote><p>En marzo de 2020, y en el marco del D\u00eda Internacional de la Mujer, mujeres dedicadas a distintas labores fueron elegidas por una comisi\u00f3n interna del Legislativo local por su colaboraci\u00f3n a la sociedad.<\/p><\/blockquote>\n<p>&nbsp;<\/p>\n<figure id=\"attachment_15312\" aria-describedby=\"caption-attachment-15312\" style=\"width: 800px\" class=\"wp-caption aligncenter\"><img data-recalc-dims=\"1\" loading=\"lazy\" decoding=\"async\" class=\"wp-image-15312\" src=\"https:\/\/i0.wp.com\/cdnoticias.com\/wp-content\/uploads\/2021\/03\/a-herrera-0.jpg?resize=800%2C534&#038;ssl=1\" alt=\"\" width=\"800\" height=\"534\" srcset=\"https:\/\/i0.wp.com\/cdnoticias.com\/wp-content\/uploads\/2021\/03\/a-herrera-0.jpg?resize=300%2C200&amp;ssl=1 300w, https:\/\/i0.wp.com\/cdnoticias.com\/wp-content\/uploads\/2021\/03\/a-herrera-0.jpg?resize=768%2C513&amp;ssl=1 768w, https:\/\/i0.wp.com\/cdnoticias.com\/wp-content\/uploads\/2021\/03\/a-herrera-0.jpg?resize=272%2C182&amp;ssl=1 272w, https:\/\/i0.wp.com\/cdnoticias.com\/wp-content\/uploads\/2021\/03\/a-herrera-0.jpg?w=999&amp;ssl=1 999w\" sizes=\"auto, (max-width: 800px) 100vw, 800px\" \/><figcaption id=\"caption-attachment-15312\" class=\"wp-caption-text\">Compromiso con la Empresa: Mar\u00eda Jos\u00e9 y Guadalupe Herrera (Metal\u00fargica Herrera).<\/figcaption><\/figure>\n<p>&nbsp;<\/p>\n<p>El encuentro que fue encabezado por el <strong>presidente de la instituci\u00f3n, Bruno Cenizo<\/strong>, se les entregaron las estatuillas a las siguientes mujeres:<\/p>\n<p>&nbsp;<\/p>\n<p><strong>Compromiso con la Empresa: Mar\u00eda Jos\u00e9 y Guadalupe Herrera<\/strong> (Metal\u00fargica Herrera). Ambas manejan la hist\u00f3rica empresa ubicada en Colonia Hinojo que tiene m\u00e1s de 30 a\u00f1os de trayectoria, donde se realizan todo tipo de trabajos para transportistas.<\/p>\n<figure id=\"attachment_15313\" aria-describedby=\"caption-attachment-15313\" style=\"width: 800px\" class=\"wp-caption aligncenter\"><img data-recalc-dims=\"1\" loading=\"lazy\" decoding=\"async\" class=\"wp-image-15313\" src=\"https:\/\/i0.wp.com\/cdnoticias.com\/wp-content\/uploads\/2021\/03\/a-becker.jpg?resize=800%2C534&#038;ssl=1\" alt=\"\" width=\"800\" height=\"534\" srcset=\"https:\/\/i0.wp.com\/cdnoticias.com\/wp-content\/uploads\/2021\/03\/a-becker.jpg?resize=300%2C200&amp;ssl=1 300w, https:\/\/i0.wp.com\/cdnoticias.com\/wp-content\/uploads\/2021\/03\/a-becker.jpg?resize=768%2C512&amp;ssl=1 768w, https:\/\/i0.wp.com\/cdnoticias.com\/wp-content\/uploads\/2021\/03\/a-becker.jpg?resize=1024%2C683&amp;ssl=1 1024w, https:\/\/i0.wp.com\/cdnoticias.com\/wp-content\/uploads\/2021\/03\/a-becker.jpg?resize=272%2C182&amp;ssl=1 272w, https:\/\/i0.wp.com\/cdnoticias.com\/wp-content\/uploads\/2021\/03\/a-becker.jpg?w=1151&amp;ssl=1 1151w\" sizes=\"auto, (max-width: 800px) 100vw, 800px\" \/><figcaption id=\"caption-attachment-15313\" class=\"wp-caption-text\">Compromiso con la Ruralidad: Andrea Alejandra Becker.<\/figcaption><\/figure>\n<p><strong>Compromiso con la Ruralidad: Andrea Alejandra Becker<\/strong> fue la reconocida, es docente, productora, emprendedora y trabajadora social en el \u00e1mbito rural.<\/p>\n<p>&nbsp;<\/p>\n<p><strong>Compromiso con la Salud: Mar\u00eda Esther Gatella<\/strong> (foto de tapa). La m\u00e9dica, fue titular -hoy jubilada- de la Direcci\u00f3n APS (Atenci\u00f3n Primaria de la Salud).<\/p>\n<p>&nbsp;<\/p>\n<figure id=\"attachment_15315\" aria-describedby=\"caption-attachment-15315\" style=\"width: 800px\" class=\"wp-caption aligncenter\"><img data-recalc-dims=\"1\" loading=\"lazy\" decoding=\"async\" class=\"wp-image-15315 size-large\" src=\"https:\/\/i0.wp.com\/cdnoticias.com\/wp-content\/uploads\/2021\/03\/a-velazquez.jpg?resize=800%2C534&#038;ssl=1\" alt=\"\" width=\"800\" height=\"534\" srcset=\"https:\/\/i0.wp.com\/cdnoticias.com\/wp-content\/uploads\/2021\/03\/a-velazquez.jpg?resize=1024%2C684&amp;ssl=1 1024w, https:\/\/i0.wp.com\/cdnoticias.com\/wp-content\/uploads\/2021\/03\/a-velazquez.jpg?resize=300%2C200&amp;ssl=1 300w, https:\/\/i0.wp.com\/cdnoticias.com\/wp-content\/uploads\/2021\/03\/a-velazquez.jpg?resize=768%2C513&amp;ssl=1 768w, https:\/\/i0.wp.com\/cdnoticias.com\/wp-content\/uploads\/2021\/03\/a-velazquez.jpg?resize=272%2C182&amp;ssl=1 272w, https:\/\/i0.wp.com\/cdnoticias.com\/wp-content\/uploads\/2021\/03\/a-velazquez.jpg?w=1280&amp;ssl=1 1280w\" sizes=\"auto, (max-width: 800px) 100vw, 800px\" \/><figcaption id=\"caption-attachment-15315\" class=\"wp-caption-text\">Compromiso Socio-Comunitario: Miriam Alicia Vel\u00e1zquez.<\/figcaption><\/figure>\n<p><strong>Compromiso Socio-Comunitario: Miriam Alicia Vel\u00e1zquez<\/strong> es administra un comedor comunitario donde durante la semana dan alimentos y los s\u00e1bados reciben a padres y ni\u00f1os. Tambi\u00e9n organiza pr\u00e1cticas de ciclismo, batucada y percusi\u00f3n.<\/p>\n<p>&nbsp;<\/p>\n<p><strong>Compromiso con la Pol\u00edtica: Marisel Cides<\/strong>. Es abogada, especializada en Violencia Familiar y de G\u00e9nero y en Maltrato Infantil, escribana, mediadora e incansable militante en pol\u00edtica.<\/p>\n<figure id=\"attachment_15316\" aria-describedby=\"caption-attachment-15316\" style=\"width: 800px\" class=\"wp-caption aligncenter\"><img data-recalc-dims=\"1\" loading=\"lazy\" decoding=\"async\" class=\"wp-image-15316 size-large\" src=\"https:\/\/i0.wp.com\/cdnoticias.com\/wp-content\/uploads\/2021\/03\/a-cides-1.jpg?resize=800%2C534&#038;ssl=1\" alt=\"\" width=\"800\" height=\"534\" srcset=\"https:\/\/i0.wp.com\/cdnoticias.com\/wp-content\/uploads\/2021\/03\/a-cides-1.jpg?resize=1024%2C684&amp;ssl=1 1024w, https:\/\/i0.wp.com\/cdnoticias.com\/wp-content\/uploads\/2021\/03\/a-cides-1.jpg?resize=300%2C200&amp;ssl=1 300w, https:\/\/i0.wp.com\/cdnoticias.com\/wp-content\/uploads\/2021\/03\/a-cides-1.jpg?resize=768%2C513&amp;ssl=1 768w, https:\/\/i0.wp.com\/cdnoticias.com\/wp-content\/uploads\/2021\/03\/a-cides-1.jpg?resize=272%2C182&amp;ssl=1 272w, https:\/\/i0.wp.com\/cdnoticias.com\/wp-content\/uploads\/2021\/03\/a-cides-1.jpg?w=1280&amp;ssl=1 1280w\" sizes=\"auto, (max-width: 800px) 100vw, 800px\" \/><figcaption id=\"caption-attachment-15316\" class=\"wp-caption-text\">Compromiso con la Pol\u00edtica: Marisel Cides.<\/figcaption><\/figure>\n<p>&nbsp;<\/p>\n<p><strong>Compromiso con el Arte y la Cultura: Silvia Fari\u00f1a<\/strong>. Es profesora de franc\u00e9s, arte dram\u00e1tico, int\u00e9rprete y mimo.<\/p>\n<p>&nbsp;<\/p>\n<p><strong>Compromiso con la Informaci\u00f3n: Alicia Cabri<\/strong>. Reconocid\u00edsima periodista de la ciudad, quien desempe\u00f1a su profesi\u00f3n desde el a\u00f1o 1979 en Radio Olavarr\u00eda. El galard\u00f3n fue recibido por Fabricio Lucio en representaci\u00f3n de Alicia Cabri.<\/p>\n<figure id=\"attachment_15317\" aria-describedby=\"caption-attachment-15317\" style=\"width: 800px\" class=\"wp-caption aligncenter\"><img data-recalc-dims=\"1\" loading=\"lazy\" decoding=\"async\" class=\"wp-image-15317\" src=\"https:\/\/i0.wp.com\/cdnoticias.com\/wp-content\/uploads\/2021\/03\/a-fari%C3%B1a-5-300x200.jpg?resize=800%2C534&#038;ssl=1\" alt=\"\" width=\"800\" height=\"534\" srcset=\"https:\/\/i0.wp.com\/cdnoticias.com\/wp-content\/uploads\/2021\/03\/a-fari%C3%B1a-5.jpg?resize=300%2C200&amp;ssl=1 300w, https:\/\/i0.wp.com\/cdnoticias.com\/wp-content\/uploads\/2021\/03\/a-fari%C3%B1a-5.jpg?resize=768%2C513&amp;ssl=1 768w, https:\/\/i0.wp.com\/cdnoticias.com\/wp-content\/uploads\/2021\/03\/a-fari%C3%B1a-5.jpg?resize=272%2C182&amp;ssl=1 272w, https:\/\/i0.wp.com\/cdnoticias.com\/wp-content\/uploads\/2021\/03\/a-fari%C3%B1a-5.jpg?w=987&amp;ssl=1 987w\" sizes=\"auto, (max-width: 800px) 100vw, 800px\" \/><figcaption id=\"caption-attachment-15317\" class=\"wp-caption-text\">Compromiso con el Arte y la Cultura: Silvia Fari\u00f1a.<\/figcaption><\/figure>\n<p><strong>Compromiso con el Deporte: Elsa Lafasi<\/strong>. Representa al club El Fort\u00edn, colaboradora, cocinera y trabajadora incansable por el bienestar del club y sus chicos.<\/p>\n<p>&nbsp;<\/p>\n<p><strong>Edici\u00f3n de este a\u00f1o<\/strong><\/p>\n<p>&nbsp;<\/p>\n<p>Adem\u00e1s, la Comisi\u00f3n de G\u00e9nero y Diversidad del Concejo Deliberante inform\u00f3 que <strong>se otorgar\u00e1 el premio anual \u201cDina Pontoni\u201d y \u201cFlorentina G\u00f3mez Miranda\u201d<\/strong> a mujeres del partido de Olavarr\u00eda en el marco del <strong>D\u00eda Internacional de la Mujer<\/strong>.<\/p>\n<figure id=\"attachment_15320\" aria-describedby=\"caption-attachment-15320\" style=\"width: 800px\" class=\"wp-caption aligncenter\"><img data-recalc-dims=\"1\" loading=\"lazy\" decoding=\"async\" class=\"wp-image-15320 size-large\" src=\"https:\/\/i0.wp.com\/cdnoticias.com\/wp-content\/uploads\/2021\/03\/a-lafasi.jpg?resize=800%2C534&#038;ssl=1\" alt=\"\" width=\"800\" height=\"534\" srcset=\"https:\/\/i0.wp.com\/cdnoticias.com\/wp-content\/uploads\/2021\/03\/a-lafasi.jpg?resize=1024%2C684&amp;ssl=1 1024w, https:\/\/i0.wp.com\/cdnoticias.com\/wp-content\/uploads\/2021\/03\/a-lafasi.jpg?resize=300%2C201&amp;ssl=1 300w, https:\/\/i0.wp.com\/cdnoticias.com\/wp-content\/uploads\/2021\/03\/a-lafasi.jpg?resize=768%2C513&amp;ssl=1 768w, https:\/\/i0.wp.com\/cdnoticias.com\/wp-content\/uploads\/2021\/03\/a-lafasi.jpg?resize=272%2C182&amp;ssl=1 272w, https:\/\/i0.wp.com\/cdnoticias.com\/wp-content\/uploads\/2021\/03\/a-lafasi.jpg?w=1122&amp;ssl=1 1122w\" sizes=\"auto, (max-width: 800px) 100vw, 800px\" \/><figcaption id=\"caption-attachment-15320\" class=\"wp-caption-text\">Compromiso con el Deporte: Elsa Lafasi.<\/figcaption><\/figure>\n<p>&nbsp;<\/p>\n<p>\u201cLos galardones son para <strong>mujeres que asumieron compromisos con la comunidad olavarriense durante el 2020<\/strong>, y ser\u00e1n entregados en la Primera Sesi\u00f3n Ordinaria del Honorable Concejo Deliberante, a desarrollarse <strong>el pr\u00f3ximo jueves 11 de marzo a partir de las 9 horas<\/strong> en el sal\u00f3n de la Sociedad Espa\u00f1ola\u201d se destac\u00f3.<\/p>\n<p>&nbsp;<\/p>\n<p>A su vez, la Comisi\u00f3n ha decidido que <strong>se distinguir\u00e1 a trav\u00e9s del \u201cReconocimiento al Compromiso\u201d<\/strong> a mujeres autoras, gestoras y coordinadoras de proyectos colectivos en el contexto de Pandemia por el COVID-19.<\/p>\n<figure id=\"attachment_15319\" aria-describedby=\"caption-attachment-15319\" style=\"width: 800px\" class=\"wp-caption aligncenter\"><img data-recalc-dims=\"1\" loading=\"lazy\" decoding=\"async\" class=\"wp-image-15319 size-large\" src=\"https:\/\/i0.wp.com\/cdnoticias.com\/wp-content\/uploads\/2021\/03\/a-lucio.jpg?resize=800%2C534&#038;ssl=1\" alt=\"\" width=\"800\" height=\"534\" srcset=\"https:\/\/i0.wp.com\/cdnoticias.com\/wp-content\/uploads\/2021\/03\/a-lucio.jpg?resize=1024%2C684&amp;ssl=1 1024w, https:\/\/i0.wp.com\/cdnoticias.com\/wp-content\/uploads\/2021\/03\/a-lucio.jpg?resize=300%2C200&amp;ssl=1 300w, https:\/\/i0.wp.com\/cdnoticias.com\/wp-content\/uploads\/2021\/03\/a-lucio.jpg?resize=768%2C513&amp;ssl=1 768w, https:\/\/i0.wp.com\/cdnoticias.com\/wp-content\/uploads\/2021\/03\/a-lucio.jpg?resize=272%2C182&amp;ssl=1 272w, https:\/\/i0.wp.com\/cdnoticias.com\/wp-content\/uploads\/2021\/03\/a-lucio.jpg?w=1280&amp;ssl=1 1280w\" sizes=\"auto, (max-width: 800px) 100vw, 800px\" \/><figcaption id=\"caption-attachment-15319\" class=\"wp-caption-text\">Compromiso con la Informaci\u00f3n: Alicia Cabri. Fue recibido por Fabricio Lucio en su representaci\u00f3n.<\/figcaption><\/figure>\n<p><strong>Las mujeres elegidas ser\u00e1n convocadas para recibir su reconocimiento el d\u00eda 9 de marzo<\/strong> en el edificio del Concejo Deliberante. Se dej\u00f3 en claro que \u201cse respetar\u00e1n las medidas de distanciamiento social\u201d en cada acto.<\/p>\n<p>&nbsp;<\/p>\n<p>En tanto, <strong>los nombres de las ganadoras de todos los reconocimientos y premios, ser\u00e1n dados a conocer el pr\u00f3ximo lunes 8 de marzo por gacetilla de prensa<\/strong>.<\/p>\n","protected":false},"excerpt":{"rendered":"<p>Adem\u00e1s, se adelant\u00f3 que el lunes se anunciar\u00e1n de manera oficial los reconocimientos de 2020 los cuales se entregar\u00e1n en<\/p>\n","protected":false},"author":4,"featured_media":15311,"comment_status":"closed","ping_status":"closed","sticky":false,"template":"","format":"standard","meta":{"_jetpack_memberships_contains_paid_content":false,"footnotes":""},"categories":[3,1],"tags":[],"class_list":["post-15310","post","type-post","status-publish","format-standard","has-post-thumbnail","hentry","category-genero","category-portada"],"jetpack_featured_media_url":"https:\/\/i0.wp.com\/cdnoticias.com\/wp-content\/uploads\/2021\/03\/HCD-gatella.jpg?fit=1098%2C610&ssl=1","jetpack_sharing_enabled":true,"_links":{"self":[{"href":"https:\/\/cdnoticias.com\/index.php\/wp-json\/wp\/v2\/posts\/15310","targetHints":{"allow":["GET"]}}],"collection":[{"href":"https:\/\/cdnoticias.com\/index.php\/wp-json\/wp\/v2\/posts"}],"about":[{"href":"https:\/\/cdnoticias.com\/index.php\/wp-json\/wp\/v2\/types\/post"}],"author":[{"embeddable":true,"href":"https:\/\/cdnoticias.com\/index.php\/wp-json\/wp\/v2\/users\/4"}],"replies":[{"embeddable":true,"href":"https:\/\/cdnoticias.com\/index.php\/wp-json\/wp\/v2\/comments?post=15310"}],"version-history":[{"count":0,"href":"https:\/\/cdnoticias.com\/index.php\/wp-json\/wp\/v2\/posts\/15310\/revisions"}],"wp:featuredmedia":[{"embeddable":true,"href":"https:\/\/cdnoticias.com\/index.php\/wp-json\/wp\/v2\/media\/15311"}],"wp:attachment":[{"href":"https:\/\/cdnoticias.com\/index.php\/wp-json\/wp\/v2\/media?parent=15310"}],"wp:term":[{"taxonomy":"category","embeddable":true,"href":"https:\/\/cdnoticias.com\/index.php\/wp-json\/wp\/v2\/categories?post=15310"},{"taxonomy":"post_tag","embeddable":true,"href":"https:\/\/cdnoticias.com\/index.php\/wp-json\/wp\/v2\/tags?post=15310"}],"curies":[{"name":"wp","href":"https:\/\/api.w.org\/{rel}","templated":true}]}}