{"id":15287,"date":"2021-03-04T10:25:09","date_gmt":"2021-03-04T13:25:09","guid":{"rendered":"http:\/\/www.centraldenoticias.com.ar\/?p=15287"},"modified":"2021-03-04T10:25:09","modified_gmt":"2021-03-04T13:25:09","slug":"el-polo-obrero-se-movilizo-en-olavarria-con-demandas-al-municipio","status":"publish","type":"post","link":"https:\/\/cdnoticias.com\/index.php\/2021\/03\/04\/el-polo-obrero-se-movilizo-en-olavarria-con-demandas-al-municipio\/","title":{"rendered":"El Polo Obrero se moviliz\u00f3 en Olavarr\u00eda con demandas al Municipio"},"content":{"rendered":"<p>La manifestaci\u00f3n se realiz\u00f3 este jueves en el marco de una jornada nacional \u201cPor trabajo genuino\u201d. Hubo concentraci\u00f3n en la plaza central y marcha. Pidieron una reuni\u00f3n con el secretario Diego Robbiani.<!--more--><\/p>\n<hr \/>\n<p>Con <strong>foco cr\u00edtico en el discurso del presidente Alberto Fern\u00e1ndez<\/strong> en el acto de apertura de sesiones, <strong>el Polo Obrero anunci\u00f3 una jornada nacional de manifestaciones \u201cPor trabajo genuino\u201d que en Olavarr\u00eda<\/strong> tuvo su r\u00e9plica tambi\u00e9n con <strong>demandas al Municipio<\/strong>.<\/p>\n<p>&nbsp;<\/p>\n<p>\u201c<strong>Este jueves lxs desocupadxs decimos \u00a1no va m\u00e1s!<\/strong> Con un salario m\u00ednimo por debajo de la l\u00ednea de pobreza, y programas sociales en la mitad, salimos en todo el pa\u00eds\u201d fue la propuesta del Polo Obrero.<\/p>\n<p>&nbsp;<\/p>\n<p>En la convocatoria <strong>se apunt\u00f3 al discurso de Fern\u00e1ndez: \u201cno dijo ni una sola palabra sobre la miseria salarial<\/strong> que sufrimos la mayor\u00eda de los y las trabajadores\/as en el pa\u00eds y la miseria en la que han colocado (bur\u00f3cratas sindicales, patronales y gobiernos) al salario m\u00ednimo, vital y m\u00f3vil: hoy en poco m\u00e1s de 20.000 pesos\u2026 Por debajo de la l\u00ednea de indigencia\u201d.<\/p>\n<p>&nbsp;<\/p>\n<p>En ese marco, <strong>en Olavarr\u00eda se convoc\u00f3 a una concentraci\u00f3n en la Plaza Central que comenz\u00f3 hacia las 9<\/strong> para posteriormente <strong>marchar hacia la delegaci\u00f3n local del Ministerio de Trabajo<\/strong>.<\/p>\n<p>&nbsp;<\/p>\n<blockquote><p>\u201cVamos a exigirle al Municipio asistencia inmediata a los comedores populares que funcionan en los barrios conteniendo la emergencia alimentaria\u201d apuntaron sobre el principal planteo local.<\/p><\/blockquote>\n<p>&nbsp;<\/p>\n<p>El Polo Obrero pidi\u00f3 una reuni\u00f3n con el Secretario de Desarrollo Humano y Calidad de Vida municipal. \u201cConcretamente,<strong> le solicitamos a Diego Robbiani una reuni\u00f3n y respuesta urgente<\/strong>\u201d se agreg\u00f3.<\/p>\n<p>&nbsp;<\/p>\n<p>\u201cA su vez, <strong>llevaremos los reclamos de todo el movimiento piquetero<\/strong> por trabajo genuino, aumento del SMVM (salario m\u00ednimo, vital y m\u00f3vil), seguro al desocupado igual al costo de la canasta b\u00e1sica y apertura y aumento de los programas sociales\u201d se indic\u00f3.<\/p>\n<p><img data-recalc-dims=\"1\" loading=\"lazy\" decoding=\"async\" class=\"aligncenter wp-image-15289\" src=\"https:\/\/i0.wp.com\/cdnoticias.com\/wp-content\/uploads\/2021\/03\/polo-obrero-Flyer-4-3.jpeg?resize=400%2C400&#038;ssl=1\" alt=\"\" width=\"400\" height=\"400\" srcset=\"https:\/\/i0.wp.com\/cdnoticias.com\/wp-content\/uploads\/2021\/03\/polo-obrero-Flyer-4-3.jpeg?resize=300%2C300&amp;ssl=1 300w, https:\/\/i0.wp.com\/cdnoticias.com\/wp-content\/uploads\/2021\/03\/polo-obrero-Flyer-4-3.jpeg?resize=150%2C150&amp;ssl=1 150w, https:\/\/i0.wp.com\/cdnoticias.com\/wp-content\/uploads\/2021\/03\/polo-obrero-Flyer-4-3.jpeg?resize=768%2C768&amp;ssl=1 768w, https:\/\/i0.wp.com\/cdnoticias.com\/wp-content\/uploads\/2021\/03\/polo-obrero-Flyer-4-3.jpeg?w=1000&amp;ssl=1 1000w\" sizes=\"auto, (max-width: 400px) 100vw, 400px\" \/><\/p>\n<p><strong>\u201cJornada de lucha en todo el pa\u00eds\u201d<\/strong><\/p>\n<p>&nbsp;<\/p>\n<p>El Polo Obrero expuso acerca de la \u201cJornada de lucha en todo el pa\u00eds\u201d la falta de referencia del presidente Fern\u00e1ndez sobre \u201cun enorme problema cotidiano que va creciendo y empobreciendo a las familias obreras: <strong>la inflaci\u00f3n, que reduce a la m\u00ednima expresi\u00f3n el poder adquisitivo<\/strong>: en la compra de v\u00edveres para el hogar o, mejor dicho, en alimentos\u201d.<\/p>\n<p>&nbsp;<\/p>\n<p>Cuestionaron que \u201cla CGT y las CTAs no abren la boca contra esta miseria\u201d, tambi\u00e9n el plan de vacunaci\u00f3n contra el Covid-19, que \u201cse liber\u00f3 el congelamiento de los alquileres\u201d, entre otros aspectos.<\/p>\n<p>&nbsp;<\/p>\n<p>\u201cEl Frente de Lucha Piquetero, tal como lo vot\u00f3 en su plenario del 26 de febrero, sale a la calle este jueves 4 de marzo, a reclamar el aumento del Salario M\u00ednimo Vital y M\u00f3vil, un seguro a los\/as trabajadores\/as desocupados\/as al costo de la canasta b\u00e1sica (hoy en $56.459) y el aumento de los programas sociales sometidos por el piso; por tierra y trabajo genuino. \u00a1Marchamos en todo el pa\u00eds! Por trabajo genuino, viviendas y aumento de los programas sociales\u201d sostuvieron en la convocatoria.<\/p>\n","protected":false},"excerpt":{"rendered":"<p>La manifestaci\u00f3n se realiz\u00f3 este jueves en el marco de una jornada nacional \u201cPor trabajo genuino\u201d. Hubo concentraci\u00f3n en la<\/p>\n","protected":false},"author":4,"featured_media":15290,"comment_status":"closed","ping_status":"closed","sticky":false,"template":"","format":"standard","meta":{"_jetpack_memberships_contains_paid_content":false,"footnotes":""},"categories":[4,1],"tags":[],"class_list":["post-15287","post","type-post","status-publish","format-standard","has-post-thumbnail","hentry","category-politica","category-portada"],"jetpack_featured_media_url":"https:\/\/i0.wp.com\/cdnoticias.com\/wp-content\/uploads\/2021\/03\/polo-obrero-00.jpg?fit=800%2C445&ssl=1","jetpack_sharing_enabled":true,"_links":{"self":[{"href":"https:\/\/cdnoticias.com\/index.php\/wp-json\/wp\/v2\/posts\/15287","targetHints":{"allow":["GET"]}}],"collection":[{"href":"https:\/\/cdnoticias.com\/index.php\/wp-json\/wp\/v2\/posts"}],"about":[{"href":"https:\/\/cdnoticias.com\/index.php\/wp-json\/wp\/v2\/types\/post"}],"author":[{"embeddable":true,"href":"https:\/\/cdnoticias.com\/index.php\/wp-json\/wp\/v2\/users\/4"}],"replies":[{"embeddable":true,"href":"https:\/\/cdnoticias.com\/index.php\/wp-json\/wp\/v2\/comments?post=15287"}],"version-history":[{"count":0,"href":"https:\/\/cdnoticias.com\/index.php\/wp-json\/wp\/v2\/posts\/15287\/revisions"}],"wp:featuredmedia":[{"embeddable":true,"href":"https:\/\/cdnoticias.com\/index.php\/wp-json\/wp\/v2\/media\/15290"}],"wp:attachment":[{"href":"https:\/\/cdnoticias.com\/index.php\/wp-json\/wp\/v2\/media?parent=15287"}],"wp:term":[{"taxonomy":"category","embeddable":true,"href":"https:\/\/cdnoticias.com\/index.php\/wp-json\/wp\/v2\/categories?post=15287"},{"taxonomy":"post_tag","embeddable":true,"href":"https:\/\/cdnoticias.com\/index.php\/wp-json\/wp\/v2\/tags?post=15287"}],"curies":[{"name":"wp","href":"https:\/\/api.w.org\/{rel}","templated":true}]}}