{"id":15284,"date":"2021-03-04T09:53:30","date_gmt":"2021-03-04T12:53:30","guid":{"rendered":"http:\/\/www.centraldenoticias.com.ar\/?p=15284"},"modified":"2021-03-04T09:53:30","modified_gmt":"2021-03-04T12:53:30","slug":"galli-presente-en-una-nueva-reunion-con-la-mesa-del-pro-bonaerense","status":"publish","type":"post","link":"https:\/\/cdnoticias.com\/index.php\/2021\/03\/04\/galli-presente-en-una-nueva-reunion-con-la-mesa-del-pro-bonaerense\/","title":{"rendered":"Galli presente en una nueva reuni\u00f3n con la Mesa del PRO bonaerense"},"content":{"rendered":"<p>\u201cSeguimos afianzando la uni\u00f3n\u201d dijo el jefe comunal en un encuentro con otros siete mandatarios encabezados por Jorge Macri (Vicente L\u00f3pez).<!--more--><\/p>\n<hr \/>\n<p>En la jornada del \u00faltimo mi\u00e9rcoles, <strong>el intendente Galli particip\u00f3 de un nuevo encuentro de la Mesa del Pro de la Provincia, lugar pol\u00edtico importante dentro de la oposici\u00f3n provincial.<\/strong><\/p>\n<p>&nbsp;<\/p>\n<p>Adem\u00e1s de Galli, el encuentro fue encabezado por Jorge Macri (Vicente L\u00f3pez) y participaron N\u00e9stor Grindetti (Lan\u00fas), Guillermo Montenegro (General Pueyrred\u00f3n), Pablo Petrecca (Jun\u00edn), Julio Garro (La Plata), Javier Mart\u00ednez (Pergamino) y H\u00e9ctor Gay (Bah\u00eda Blanca).<\/p>\n<p>&nbsp;<\/p>\n<blockquote class=\"twitter-tweet\">\n<p dir=\"ltr\" lang=\"es\">Seguimos afianzando la uni\u00f3n de los intendentes que formamos parte de la Mesa del PRO de la Provincia.<br \/>\nLa puesta en com\u00fan de experiencias en nuestros territorios, nos permite saber hacia d\u00f3nde queremos ir, con un proyecto claro y consensuado. <a href=\"https:\/\/t.co\/g2r1a7Kuzi\">pic.twitter.com\/g2r1a7Kuzi<\/a><\/p>\n<p>\u2014 Ezequiel Galli (@ezequielgalli) <a href=\"https:\/\/twitter.com\/ezequielgalli\/status\/1367112969155444743?ref_src=twsrc%5Etfw\">March 3, 2021<\/a><\/p><\/blockquote>\n<p><script async src=\"https:\/\/platform.twitter.com\/widgets.js\" charset=\"utf-8\"><\/script><\/p>\n<p>&nbsp;<\/p>\n<p>El balance del jefe comunal local fue de<strong><em> \u201cseguir afianzando la uni\u00f3n de los intendentes que formamos parte de la Mesa del PRO de la Provincia\u201d.<\/em><\/strong><\/p>\n<p>&nbsp;<\/p>\n<p>Justamente, en el marco del encuentro se busc\u00f3 <em>\u201cla puesta en com\u00fan de experiencias en nuestros territorios, nos permite<strong> saber hacia d\u00f3nde queremos ir, con un proyecto claro y consensuado<\/strong>\u201d.<\/em><\/p>\n<p>&nbsp;<\/p>\n<p><em>\u201cHemos crecido y seguiremos consolidando esta uni\u00f3n y el trabajo en conjunto, pensando en el bienestar de todos los bonaerenses\u201d<\/em> cerr\u00f3.<\/p>\n","protected":false},"excerpt":{"rendered":"<p>\u201cSeguimos afianzando la uni\u00f3n\u201d dijo el jefe comunal en un encuentro con otros siete mandatarios encabezados por Jorge Macri (Vicente<\/p>\n","protected":false},"author":2,"featured_media":15285,"comment_status":"closed","ping_status":"closed","sticky":false,"template":"","format":"standard","meta":{"_jetpack_memberships_contains_paid_content":false,"footnotes":""},"categories":[4,1],"tags":[],"class_list":["post-15284","post","type-post","status-publish","format-standard","has-post-thumbnail","hentry","category-politica","category-portada"],"jetpack_featured_media_url":"https:\/\/i0.wp.com\/cdnoticias.com\/wp-content\/uploads\/2021\/03\/Evj2AAxWYAIeGCQ.jpg?fit=1195%2C628&ssl=1","jetpack_sharing_enabled":true,"_links":{"self":[{"href":"https:\/\/cdnoticias.com\/index.php\/wp-json\/wp\/v2\/posts\/15284","targetHints":{"allow":["GET"]}}],"collection":[{"href":"https:\/\/cdnoticias.com\/index.php\/wp-json\/wp\/v2\/posts"}],"about":[{"href":"https:\/\/cdnoticias.com\/index.php\/wp-json\/wp\/v2\/types\/post"}],"author":[{"embeddable":true,"href":"https:\/\/cdnoticias.com\/index.php\/wp-json\/wp\/v2\/users\/2"}],"replies":[{"embeddable":true,"href":"https:\/\/cdnoticias.com\/index.php\/wp-json\/wp\/v2\/comments?post=15284"}],"version-history":[{"count":0,"href":"https:\/\/cdnoticias.com\/index.php\/wp-json\/wp\/v2\/posts\/15284\/revisions"}],"wp:featuredmedia":[{"embeddable":true,"href":"https:\/\/cdnoticias.com\/index.php\/wp-json\/wp\/v2\/media\/15285"}],"wp:attachment":[{"href":"https:\/\/cdnoticias.com\/index.php\/wp-json\/wp\/v2\/media?parent=15284"}],"wp:term":[{"taxonomy":"category","embeddable":true,"href":"https:\/\/cdnoticias.com\/index.php\/wp-json\/wp\/v2\/categories?post=15284"},{"taxonomy":"post_tag","embeddable":true,"href":"https:\/\/cdnoticias.com\/index.php\/wp-json\/wp\/v2\/tags?post=15284"}],"curies":[{"name":"wp","href":"https:\/\/api.w.org\/{rel}","templated":true}]}}