{"id":1528,"date":"2020-09-14T15:27:45","date_gmt":"2020-09-14T18:27:45","guid":{"rendered":"http:\/\/www.centraldenoticias.com.ar\/?p=1528"},"modified":"2020-09-14T17:13:43","modified_gmt":"2020-09-14T20:13:43","slug":"crecen-los-casos-de-coronavirus-en-el-interior-de-la-provincia","status":"publish","type":"post","link":"https:\/\/cdnoticias.com\/index.php\/2020\/09\/14\/crecen-los-casos-de-coronavirus-en-el-interior-de-la-provincia\/","title":{"rendered":"Crecen los casos de coronavirus en el interior de la Provincia"},"content":{"rendered":"<p>As\u00ed lo informaron el jefe de Gabinete, Carlos Bianco, y el ministro de Salud, Daniel Gollan. <strong>El nivel de contagios representa el 17% del total de los casos.<\/strong> El 52,6% del total de camas de terapia intensiva en la Provincia de Buenos Aires se encuentran ocupadas.<!--more--><\/p>\n<hr \/>\n<p>El jefe de Gabinete, Carlos Bianco, y el ministro de Salud, Daniel Gollan, expusieron en la ma\u00f1ana de este lunes la informaci\u00f3n sobre la <strong>situaci\u00f3n epidemiol\u00f3gica en la provincia de Buenos Aires en el marco de la pandemia de COVID-19<\/strong> y el esquema de fases de aislamiento y distanciamiento social, preventivo y obligatorio en los distritos bonaerenses.<\/p>\n<p>&nbsp;<\/p>\n<p>Durante la conferencia de prensa, Gollan detall\u00f3 las cifras de casos en la Provincia y se\u00f1al\u00f3 que<strong> el nivel de contagios sigue creciendo de manera acelerada en el interior de la Provincia, que ya representa el 17% del total de los casos y donde los tiempos de duplicaci\u00f3n vienen bajando de forma progresiva.<\/strong><\/p>\n<p>&nbsp;<\/p>\n<blockquote><p>En cuanto al nivel de ocupaci\u00f3n de camas de terapia intensiva, el Ministro dijo que de las 6.258 con las que se cuenta en toda la provincia el 52,6% se encuentran ocupadas, mientras que al considerar en particular el \u00c1rea Metropolitana de Buenos Aires (AMBA) las cifras son de 3.041 camas y un 66,3% de ocupaci\u00f3n.<\/p><\/blockquote>\n<p>&nbsp;<\/p>\n<p>Finalmente, Gollan destac\u00f3 la inversi\u00f3n realizada por la Provincia para hacer frente a la pandemia, que asciende a un total de <strong>$ 22.416.697.500 destinados a equipamiento, obras de infraestructura y asignaciones presupuestarias para personal sanitario. La cifra representa un promedio de $67.563 por paciente de covid-19 y de $ 1.266 por habitante bonaerense.<\/strong><\/p>\n<p>&nbsp;<\/p>\n<p>El Ministro calific\u00f3 esta inversi\u00f3n como <strong><em>\u201cun hecho inaudito e hist\u00f3rico\u201d<\/em><\/strong> y afirm\u00f3 que<em> \u201cen conjunto con la responsabilidad de la poblaci\u00f3n, el aporte de las y los trabajadores de la salud, las organizaciones sociales, las organizaciones libres del pueblo, las universidades, las y los intendentes, el Estado nacional y el Estado provincial\u201d<\/em> es lo que ha permitido a la provincia de Buenos Aires atravesar la pandemia.<\/p>\n<p>&nbsp;<\/p>\n<p>Por su parte, el jefe de Gabinete expuso la situaci\u00f3n del esquema de fases de aislamiento y distanciamiento social, preventivo y obligatorio: <strong>44 municipios se encuentran en fase 3, 73 en fase 4 y 18 en fase 5.<\/strong><\/p>\n<p>&nbsp;<\/p>\n<p>Bianco se refiri\u00f3 a la proximidad del <strong>d\u00eda de la primavera<\/strong> y, en este sentido, apel\u00f3 a la responsabilidad para no realizar las cl\u00e1sicas reuniones estudiantiles: \u201cNo estamos en condiciones de realizar festejos masivos. No nos juntemos en parques y plazas\u201d.<\/p>\n","protected":false},"excerpt":{"rendered":"<p>As\u00ed lo informaron el jefe de Gabinete, Carlos Bianco, y el ministro de Salud, Daniel Gollan. El nivel de contagios<\/p>\n","protected":false},"author":5,"featured_media":1529,"comment_status":"closed","ping_status":"closed","sticky":false,"template":"","format":"standard","meta":{"_jetpack_memberships_contains_paid_content":false,"footnotes":""},"categories":[5,1],"tags":[],"class_list":["post-1528","post","type-post","status-publish","format-standard","has-post-thumbnail","hentry","category-informacion-general","category-portada"],"jetpack_featured_media_url":"https:\/\/i0.wp.com\/cdnoticias.com\/wp-content\/uploads\/2020\/09\/mapaincidenciaprovincia.jpg?fit=1068%2C609&ssl=1","jetpack_sharing_enabled":true,"_links":{"self":[{"href":"https:\/\/cdnoticias.com\/index.php\/wp-json\/wp\/v2\/posts\/1528","targetHints":{"allow":["GET"]}}],"collection":[{"href":"https:\/\/cdnoticias.com\/index.php\/wp-json\/wp\/v2\/posts"}],"about":[{"href":"https:\/\/cdnoticias.com\/index.php\/wp-json\/wp\/v2\/types\/post"}],"author":[{"embeddable":true,"href":"https:\/\/cdnoticias.com\/index.php\/wp-json\/wp\/v2\/users\/5"}],"replies":[{"embeddable":true,"href":"https:\/\/cdnoticias.com\/index.php\/wp-json\/wp\/v2\/comments?post=1528"}],"version-history":[{"count":0,"href":"https:\/\/cdnoticias.com\/index.php\/wp-json\/wp\/v2\/posts\/1528\/revisions"}],"wp:featuredmedia":[{"embeddable":true,"href":"https:\/\/cdnoticias.com\/index.php\/wp-json\/wp\/v2\/media\/1529"}],"wp:attachment":[{"href":"https:\/\/cdnoticias.com\/index.php\/wp-json\/wp\/v2\/media?parent=1528"}],"wp:term":[{"taxonomy":"category","embeddable":true,"href":"https:\/\/cdnoticias.com\/index.php\/wp-json\/wp\/v2\/categories?post=1528"},{"taxonomy":"post_tag","embeddable":true,"href":"https:\/\/cdnoticias.com\/index.php\/wp-json\/wp\/v2\/tags?post=1528"}],"curies":[{"name":"wp","href":"https:\/\/api.w.org\/{rel}","templated":true}]}}