{"id":15278,"date":"2021-03-04T09:14:16","date_gmt":"2021-03-04T12:14:16","guid":{"rendered":"http:\/\/www.centraldenoticias.com.ar\/?p=15278"},"modified":"2021-03-04T09:14:16","modified_gmt":"2021-03-04T12:14:16","slug":"antonio-fuccila-q-e-p-d-2","status":"publish","type":"post","link":"https:\/\/cdnoticias.com\/index.php\/2021\/03\/04\/antonio-fuccila-q-e-p-d-2\/","title":{"rendered":"Antonio Fuccila (Q.E.P.D.)"},"content":{"rendered":"<p>Falleci\u00f3 en Olavarr\u00eda el d\u00eda 3 de marzo de 2021 a los 87 a\u00f1os de edad. Su esposa Elsa Castro; sus hijos: Silvia y Marcelo; sus hijos pol\u00edticos: Ricardo Lastra e Isabel Guti\u00e9rrez; sus nietos: Jorgelina, Ezequiel, Jon\u00e1s, Yanina y Marcelo; sus nietos pol\u00edticos; sus bisnietos y dem\u00e1s deudos participan su fallecimiento.<\/p>\n<p>Sin velatorio. Cremaci\u00f3n: Crematorio Pinos de Paz, viernes 5 de marzo a las 8:30 horas. Servicio adherido a Coopelectric.<\/p>\n<p>Vecino de Loma Negra.<\/p>\n<p>Lugar de nacimiento: Las Flores.<\/p>\n<p>Actividad que desarrollaba: Jubilado.<\/p>\n","protected":false},"excerpt":{"rendered":"<p>Falleci\u00f3 en Olavarr\u00eda el d\u00eda 3 de marzo de 2021 a los 87 a\u00f1os de edad. Su esposa Elsa Castro;<\/p>\n","protected":false},"author":4,"featured_media":0,"comment_status":"closed","ping_status":"closed","sticky":false,"template":"","format":"standard","meta":{"_jetpack_memberships_contains_paid_content":false,"footnotes":""},"categories":[10],"tags":[],"class_list":["post-15278","post","type-post","status-publish","format-standard","hentry","category-necrologicas"],"jetpack_featured_media_url":"","jetpack_sharing_enabled":true,"_links":{"self":[{"href":"https:\/\/cdnoticias.com\/index.php\/wp-json\/wp\/v2\/posts\/15278","targetHints":{"allow":["GET"]}}],"collection":[{"href":"https:\/\/cdnoticias.com\/index.php\/wp-json\/wp\/v2\/posts"}],"about":[{"href":"https:\/\/cdnoticias.com\/index.php\/wp-json\/wp\/v2\/types\/post"}],"author":[{"embeddable":true,"href":"https:\/\/cdnoticias.com\/index.php\/wp-json\/wp\/v2\/users\/4"}],"replies":[{"embeddable":true,"href":"https:\/\/cdnoticias.com\/index.php\/wp-json\/wp\/v2\/comments?post=15278"}],"version-history":[{"count":0,"href":"https:\/\/cdnoticias.com\/index.php\/wp-json\/wp\/v2\/posts\/15278\/revisions"}],"wp:attachment":[{"href":"https:\/\/cdnoticias.com\/index.php\/wp-json\/wp\/v2\/media?parent=15278"}],"wp:term":[{"taxonomy":"category","embeddable":true,"href":"https:\/\/cdnoticias.com\/index.php\/wp-json\/wp\/v2\/categories?post=15278"},{"taxonomy":"post_tag","embeddable":true,"href":"https:\/\/cdnoticias.com\/index.php\/wp-json\/wp\/v2\/tags?post=15278"}],"curies":[{"name":"wp","href":"https:\/\/api.w.org\/{rel}","templated":true}]}}