{"id":15206,"date":"2021-03-03T09:23:30","date_gmt":"2021-03-03T12:23:30","guid":{"rendered":"http:\/\/www.centraldenoticias.com.ar\/?p=15206"},"modified":"2021-03-03T09:23:46","modified_gmt":"2021-03-03T12:23:46","slug":"macondo-invita-a-desear-un-centro-cultural-en-la-estacion","status":"publish","type":"post","link":"https:\/\/cdnoticias.com\/index.php\/2021\/03\/03\/macondo-invita-a-desear-un-centro-cultural-en-la-estacion\/","title":{"rendered":"Macondo invita a desear \u201cun centro cultural en la estaci\u00f3n\u201d"},"content":{"rendered":"<p>Es una intervenci\u00f3n en la vieja Estaci\u00f3n del Provincial. Se har\u00e1 este s\u00e1bado entre las 10 y las 20.<!--more--><\/p>\n<hr \/>\n<p><strong>La Mutual de Arte Popular Macondo realizar\u00e1 una jornada de intervenci\u00f3n en la casona de la vieja Estaci\u00f3n del Provincial<\/strong>.<\/p>\n<p>&nbsp;<\/p>\n<p>&nbsp;<\/p>\n<p>Se har\u00e1 <strong>este s\u00e1bado<\/strong> entre las <strong>10 y las 20<\/strong> en la sede de Jun\u00edn y Belgrano.<\/p>\n<p><img data-recalc-dims=\"1\" loading=\"lazy\" decoding=\"async\" class=\"aligncenter wp-image-15208\" src=\"https:\/\/i0.wp.com\/cdnoticias.com\/wp-content\/uploads\/2021\/03\/macondo.jpg?resize=400%2C402&#038;ssl=1\" alt=\"\" width=\"400\" height=\"402\" srcset=\"https:\/\/i0.wp.com\/cdnoticias.com\/wp-content\/uploads\/2021\/03\/macondo.jpg?resize=150%2C150&amp;ssl=1 150w, https:\/\/i0.wp.com\/cdnoticias.com\/wp-content\/uploads\/2021\/03\/macondo.jpg?w=473&amp;ssl=1 473w\" sizes=\"auto, (max-width: 400px) 100vw, 400px\" \/><\/p>\n<p><strong>La actividad se enmarca en la intenci\u00f3n de la mutual de trasladar su sede a la casona<\/strong>, expresi\u00f3n que han manifestado hace varios a\u00f1os y que ha cobrado nueva relevancia en las \u00faltimas semanas debido a que <strong>deben abandonar el edificio que ocupan actualmente<\/strong>.<\/p>\n<p>&nbsp;<\/p>\n<p>La propuesta para este s\u00e1bado es <strong>\u201cintervenir con tus deseos\u201d la vieja Estaci\u00f3n<\/strong>. Se invit\u00f3 a la comunidad a sacarse una foto con <strong>\u201c#UnCentroCulturalenlaEstacion\u201d<\/strong> para compartir en las redes<\/p>\n","protected":false},"excerpt":{"rendered":"<p>Es una intervenci\u00f3n en la vieja Estaci\u00f3n del Provincial. Se har\u00e1 este s\u00e1bado entre las 10 y las 20.<\/p>\n","protected":false},"author":4,"featured_media":15207,"comment_status":"closed","ping_status":"closed","sticky":false,"template":"","format":"standard","meta":{"_jetpack_memberships_contains_paid_content":false,"footnotes":""},"categories":[9,1],"tags":[],"class_list":["post-15206","post","type-post","status-publish","format-standard","has-post-thumbnail","hentry","category-cultura","category-portada"],"jetpack_featured_media_url":"https:\/\/i0.wp.com\/cdnoticias.com\/wp-content\/uploads\/2021\/03\/macondo01.jpg?fit=800%2C445&ssl=1","jetpack_sharing_enabled":true,"_links":{"self":[{"href":"https:\/\/cdnoticias.com\/index.php\/wp-json\/wp\/v2\/posts\/15206","targetHints":{"allow":["GET"]}}],"collection":[{"href":"https:\/\/cdnoticias.com\/index.php\/wp-json\/wp\/v2\/posts"}],"about":[{"href":"https:\/\/cdnoticias.com\/index.php\/wp-json\/wp\/v2\/types\/post"}],"author":[{"embeddable":true,"href":"https:\/\/cdnoticias.com\/index.php\/wp-json\/wp\/v2\/users\/4"}],"replies":[{"embeddable":true,"href":"https:\/\/cdnoticias.com\/index.php\/wp-json\/wp\/v2\/comments?post=15206"}],"version-history":[{"count":0,"href":"https:\/\/cdnoticias.com\/index.php\/wp-json\/wp\/v2\/posts\/15206\/revisions"}],"wp:featuredmedia":[{"embeddable":true,"href":"https:\/\/cdnoticias.com\/index.php\/wp-json\/wp\/v2\/media\/15207"}],"wp:attachment":[{"href":"https:\/\/cdnoticias.com\/index.php\/wp-json\/wp\/v2\/media?parent=15206"}],"wp:term":[{"taxonomy":"category","embeddable":true,"href":"https:\/\/cdnoticias.com\/index.php\/wp-json\/wp\/v2\/categories?post=15206"},{"taxonomy":"post_tag","embeddable":true,"href":"https:\/\/cdnoticias.com\/index.php\/wp-json\/wp\/v2\/tags?post=15206"}],"curies":[{"name":"wp","href":"https:\/\/api.w.org\/{rel}","templated":true}]}}