{"id":15176,"date":"2021-03-02T18:27:37","date_gmt":"2021-03-02T21:27:37","guid":{"rendered":"http:\/\/www.centraldenoticias.com.ar\/?p=15176"},"modified":"2021-03-02T20:56:33","modified_gmt":"2021-03-02T23:56:33","slug":"se-detectaron-31-nuevos-casos-y-el-numero-de-pacientes-activos-de-covid19-trepo-a-133","status":"publish","type":"post","link":"https:\/\/cdnoticias.com\/index.php\/2021\/03\/02\/se-detectaron-31-nuevos-casos-y-el-numero-de-pacientes-activos-de-covid19-trepo-a-133\/","title":{"rendered":"Se detectaron 31 nuevos casos y el n\u00famero de pacientes activos de Covid19 trep\u00f3 a 133"},"content":{"rendered":"<p>Este martes, adem\u00e1s, 12 personas fueron dadas de alta y 111 testeos resultaron negativos.<!--more--><\/p>\n<hr \/>\n<p>Desde el \u00e1rea de Salud del Municipio local se narr\u00f3 que en la jornada de este martes, <strong>tras la realizaci\u00f3n de 142 testeos, se registraron 31 casos de coronavirus.<\/strong><\/p>\n<p>&nbsp;<\/p>\n<p><img data-recalc-dims=\"1\" loading=\"lazy\" decoding=\"async\" class=\"alignnone size-large wp-image-15178\" src=\"https:\/\/i0.wp.com\/cdnoticias.com\/wp-content\/uploads\/2021\/03\/parte-1.jpg?resize=800%2C405&#038;ssl=1\" alt=\"\" width=\"800\" height=\"405\" srcset=\"https:\/\/i0.wp.com\/cdnoticias.com\/wp-content\/uploads\/2021\/03\/parte-1.jpg?resize=1024%2C518&amp;ssl=1 1024w, https:\/\/i0.wp.com\/cdnoticias.com\/wp-content\/uploads\/2021\/03\/parte-1.jpg?resize=300%2C152&amp;ssl=1 300w, https:\/\/i0.wp.com\/cdnoticias.com\/wp-content\/uploads\/2021\/03\/parte-1.jpg?resize=768%2C388&amp;ssl=1 768w, https:\/\/i0.wp.com\/cdnoticias.com\/wp-content\/uploads\/2021\/03\/parte-1.jpg?w=1208&amp;ssl=1 1208w\" sizes=\"auto, (max-width: 800px) 100vw, 800px\" \/><\/p>\n<p>&nbsp;<\/p>\n<p>Adem\u00e1s, 12 personas fueron dadas de alta, por lo que<strong> el n\u00famero de pacientes activos de coronavirus en el partido de Olavarr\u00eda ascendi\u00f3 a 133<\/strong>. Sobre los nuevos contagios, uno fue detectado en el marco del programa RTA.<\/p>\n<p>&nbsp;<\/p>\n<p><img data-recalc-dims=\"1\" loading=\"lazy\" decoding=\"async\" class=\"alignnone size-large wp-image-15177\" src=\"https:\/\/i0.wp.com\/cdnoticias.com\/wp-content\/uploads\/2021\/03\/parte02-1.jpg?resize=800%2C395&#038;ssl=1\" alt=\"\" width=\"800\" height=\"395\" srcset=\"https:\/\/i0.wp.com\/cdnoticias.com\/wp-content\/uploads\/2021\/03\/parte02-1.jpg?resize=1024%2C505&amp;ssl=1 1024w, https:\/\/i0.wp.com\/cdnoticias.com\/wp-content\/uploads\/2021\/03\/parte02-1.jpg?resize=300%2C148&amp;ssl=1 300w, https:\/\/i0.wp.com\/cdnoticias.com\/wp-content\/uploads\/2021\/03\/parte02-1.jpg?resize=768%2C379&amp;ssl=1 768w, https:\/\/i0.wp.com\/cdnoticias.com\/wp-content\/uploads\/2021\/03\/parte02-1.jpg?w=1208&amp;ssl=1 1208w\" sizes=\"auto, (max-width: 800px) 100vw, 800px\" \/><\/p>\n<p>&nbsp;<\/p>\n<p>Por \u00faltimo, se expres\u00f3 que actualmente <strong>hay 5 pacientes covid internados en la Unidad de Terapia Intensiva y que de las personas que transitan el 86% tiene m\u00e1s de 60 a\u00f1os.<\/strong><\/p>\n","protected":false},"excerpt":{"rendered":"<p>Este martes, adem\u00e1s, 12 personas fueron dadas de alta y 111 testeos resultaron negativos.<\/p>\n","protected":false},"author":3,"featured_media":619,"comment_status":"closed","ping_status":"closed","sticky":false,"template":"","format":"standard","meta":{"_jetpack_memberships_contains_paid_content":false,"footnotes":""},"categories":[5,1],"tags":[],"class_list":["post-15176","post","type-post","status-publish","format-standard","has-post-thumbnail","hentry","category-informacion-general","category-portada"],"jetpack_featured_media_url":"https:\/\/i0.wp.com\/cdnoticias.com\/wp-content\/uploads\/2020\/09\/HospitalMunicipal2.jpg?fit=4608%2C3072&ssl=1","jetpack_sharing_enabled":true,"_links":{"self":[{"href":"https:\/\/cdnoticias.com\/index.php\/wp-json\/wp\/v2\/posts\/15176","targetHints":{"allow":["GET"]}}],"collection":[{"href":"https:\/\/cdnoticias.com\/index.php\/wp-json\/wp\/v2\/posts"}],"about":[{"href":"https:\/\/cdnoticias.com\/index.php\/wp-json\/wp\/v2\/types\/post"}],"author":[{"embeddable":true,"href":"https:\/\/cdnoticias.com\/index.php\/wp-json\/wp\/v2\/users\/3"}],"replies":[{"embeddable":true,"href":"https:\/\/cdnoticias.com\/index.php\/wp-json\/wp\/v2\/comments?post=15176"}],"version-history":[{"count":0,"href":"https:\/\/cdnoticias.com\/index.php\/wp-json\/wp\/v2\/posts\/15176\/revisions"}],"wp:featuredmedia":[{"embeddable":true,"href":"https:\/\/cdnoticias.com\/index.php\/wp-json\/wp\/v2\/media\/619"}],"wp:attachment":[{"href":"https:\/\/cdnoticias.com\/index.php\/wp-json\/wp\/v2\/media?parent=15176"}],"wp:term":[{"taxonomy":"category","embeddable":true,"href":"https:\/\/cdnoticias.com\/index.php\/wp-json\/wp\/v2\/categories?post=15176"},{"taxonomy":"post_tag","embeddable":true,"href":"https:\/\/cdnoticias.com\/index.php\/wp-json\/wp\/v2\/tags?post=15176"}],"curies":[{"name":"wp","href":"https:\/\/api.w.org\/{rel}","templated":true}]}}