{"id":151753,"date":"2022-09-01T12:19:23","date_gmt":"2022-09-01T15:19:23","guid":{"rendered":"http:\/\/centraldeportes.com.ar\/?p=21829"},"modified":"2022-09-01T12:19:23","modified_gmt":"2022-09-01T15:19:23","slug":"facundo-cortadi-es-la-nueva-incorporacion-de-estudiantes","status":"publish","type":"post","link":"https:\/\/cdnoticias.com\/index.php\/2022\/09\/01\/facundo-cortadi-es-la-nueva-incorporacion-de-estudiantes\/","title":{"rendered":"Facundo Cortadi es la nueva incorporaci\u00f3n de Estudiantes"},"content":{"rendered":"<p>Una nueva ficha que cerr\u00f3 la Subcomisi\u00f3n de F\u00fatbol albinegro para el pr\u00f3ximo Regional Amateur y es Facundo Cortadi, volante de 25 a\u00f1os, que llega de la Liga de Ayacucho con \u00faltimo paso por el Club Sarmiento de dicha localidad.<\/p>\n<p><!--more--><\/p>\n<hr \/>\n<p>Cortadi es tandilense, jug\u00f3 en Independiente de Tandil y el \u00faltimo Regional con Ferro de nuestra ciudad. Llega para reforzar el plantel que comanda Duilio Botella y darle un nuevo aire al equipo con su experiencia.<\/p>\n<p>&nbsp;<\/p>\n<p>El Consejo Federal confirm\u00f3 d\u00edas atr\u00e1s que la fecha elegida para el comienzo de la competencia ser\u00e1 el domingo 16 de octubre y que la intenci\u00f3n es jugar todas las jornadas durante los fines de semana y mantener el mismo formato de hace varias temporadas. Por eso, las zonas de grupos de cada regi\u00f3n estar\u00e1n compuestas por 3 o 4 equipos como m\u00e1ximo.<\/p>\n","protected":false},"excerpt":{"rendered":"<p>Una nueva ficha que cerr\u00f3 la Subcomisi\u00f3n de F\u00fatbol albinegro para el pr\u00f3ximo Regional Amateur y es Facundo Cortadi, volante<\/p>\n","protected":false},"author":96739694,"featured_media":151754,"comment_status":"closed","ping_status":"closed","sticky":false,"template":"","format":"standard","meta":{"_jetpack_memberships_contains_paid_content":false,"footnotes":""},"categories":[35,1,54],"tags":[],"class_list":["post-151753","post","type-post","status-publish","format-standard","has-post-thumbnail","hentry","category-futbol","category-portada","category-torneo-regional-amateur"],"jetpack_featured_media_url":"https:\/\/i0.wp.com\/cdnoticias.com\/wp-content\/uploads\/2022\/09\/WhatsApp-Image-2022-09-01-at-10.32.17.jpeg?fit=1280%2C783&ssl=1","jetpack_sharing_enabled":true,"_links":{"self":[{"href":"https:\/\/cdnoticias.com\/index.php\/wp-json\/wp\/v2\/posts\/151753","targetHints":{"allow":["GET"]}}],"collection":[{"href":"https:\/\/cdnoticias.com\/index.php\/wp-json\/wp\/v2\/posts"}],"about":[{"href":"https:\/\/cdnoticias.com\/index.php\/wp-json\/wp\/v2\/types\/post"}],"author":[{"embeddable":true,"href":"https:\/\/cdnoticias.com\/index.php\/wp-json\/wp\/v2\/users\/96739694"}],"replies":[{"embeddable":true,"href":"https:\/\/cdnoticias.com\/index.php\/wp-json\/wp\/v2\/comments?post=151753"}],"version-history":[{"count":0,"href":"https:\/\/cdnoticias.com\/index.php\/wp-json\/wp\/v2\/posts\/151753\/revisions"}],"wp:featuredmedia":[{"embeddable":true,"href":"https:\/\/cdnoticias.com\/index.php\/wp-json\/wp\/v2\/media\/151754"}],"wp:attachment":[{"href":"https:\/\/cdnoticias.com\/index.php\/wp-json\/wp\/v2\/media?parent=151753"}],"wp:term":[{"taxonomy":"category","embeddable":true,"href":"https:\/\/cdnoticias.com\/index.php\/wp-json\/wp\/v2\/categories?post=151753"},{"taxonomy":"post_tag","embeddable":true,"href":"https:\/\/cdnoticias.com\/index.php\/wp-json\/wp\/v2\/tags?post=151753"}],"curies":[{"name":"wp","href":"https:\/\/api.w.org\/{rel}","templated":true}]}}