{"id":151691,"date":"2022-08-17T19:55:40","date_gmt":"2022-08-17T22:55:40","guid":{"rendered":"http:\/\/centraldeportes.com.ar\/?p=20995"},"modified":"2022-08-17T19:55:40","modified_gmt":"2022-08-17T22:55:40","slug":"jorge-newbery-se-suma-a-las-inferiores-de-la-abo","status":"publish","type":"post","link":"https:\/\/cdnoticias.com\/index.php\/2022\/08\/17\/jorge-newbery-se-suma-a-las-inferiores-de-la-abo\/","title":{"rendered":"Jorge Newbery se suma a las inferiores de la ABO"},"content":{"rendered":"<p>El venidero fin de semana dar\u00e1 comienzo el Torneo Clausura de la Asociaci\u00f3n de B\u00e1squet de Olavarr\u00eda con la presencia de Jorge Newbery que se suma en tres categor\u00edas del b\u00e1squet formativo.<!--more--><\/p>\n<hr \/>\n<p>Vuelven las inferiores de la ABO con el comienzo del segundo torneo del a\u00f1o y tras varias reuniones, Jorge Newbery ser\u00e1 de la partida en Mini, U13 y U15 -aunque tiene fecha libre en la fecha inaugural-.<\/p>\n<p>&nbsp;<\/p>\n<p>Adem\u00e1s del nuevo representante de Tandil que se suma a Uni\u00f3n y Progreso e Independiente, jugar\u00e1n Racing de La Madrid, Estudiantes Chacarita, Loma Negra, Pueblo Nuevo, San Mart\u00edn, Las Flores B\u00e1sket, El Fort\u00edn, Racing y Ferro.<\/p>\n<p>&nbsp;<\/p>\n<p>El primer partido del segundo torneo del a\u00f1o ser\u00e1 el duelo en U15 entre Estudiantes y Ferro que se jugar\u00e1 en la tarde de viernes en el Maxigimnasio y continuar\u00e1 en el transcurso del s\u00e1bado.<\/p>\n<p>&nbsp;<\/p>\n<p>El segundo torneo del a\u00f1o constar\u00e1 de 15 fechas que finalizar\u00e1n el 26 de noviembre para luego dar lugar a los cuadrangulares y posterior fiesta de cierre de temporada.<\/p>\n","protected":false},"excerpt":{"rendered":"<p>El venidero fin de semana dar\u00e1 comienzo el Torneo Clausura de la Asociaci\u00f3n de B\u00e1squet de Olavarr\u00eda con la presencia<\/p>\n","protected":false},"author":96739694,"featured_media":151692,"comment_status":"closed","ping_status":"closed","sticky":false,"template":"","format":"standard","meta":{"_jetpack_memberships_contains_paid_content":false,"footnotes":""},"categories":[31,44,1],"tags":[],"class_list":["post-151691","post","type-post","status-publish","format-standard","has-post-thumbnail","hentry","category-basquet","category-inferiores-basquet","category-portada"],"jetpack_featured_media_url":"https:\/\/i0.wp.com\/cdnoticias.com\/wp-content\/uploads\/2022\/08\/297465443_5738855566147218_6935227103645217091_n.jpg?fit=1440%2C886&ssl=1","jetpack_sharing_enabled":true,"_links":{"self":[{"href":"https:\/\/cdnoticias.com\/index.php\/wp-json\/wp\/v2\/posts\/151691","targetHints":{"allow":["GET"]}}],"collection":[{"href":"https:\/\/cdnoticias.com\/index.php\/wp-json\/wp\/v2\/posts"}],"about":[{"href":"https:\/\/cdnoticias.com\/index.php\/wp-json\/wp\/v2\/types\/post"}],"author":[{"embeddable":true,"href":"https:\/\/cdnoticias.com\/index.php\/wp-json\/wp\/v2\/users\/96739694"}],"replies":[{"embeddable":true,"href":"https:\/\/cdnoticias.com\/index.php\/wp-json\/wp\/v2\/comments?post=151691"}],"version-history":[{"count":0,"href":"https:\/\/cdnoticias.com\/index.php\/wp-json\/wp\/v2\/posts\/151691\/revisions"}],"wp:featuredmedia":[{"embeddable":true,"href":"https:\/\/cdnoticias.com\/index.php\/wp-json\/wp\/v2\/media\/151692"}],"wp:attachment":[{"href":"https:\/\/cdnoticias.com\/index.php\/wp-json\/wp\/v2\/media?parent=151691"}],"wp:term":[{"taxonomy":"category","embeddable":true,"href":"https:\/\/cdnoticias.com\/index.php\/wp-json\/wp\/v2\/categories?post=151691"},{"taxonomy":"post_tag","embeddable":true,"href":"https:\/\/cdnoticias.com\/index.php\/wp-json\/wp\/v2\/tags?post=151691"}],"curies":[{"name":"wp","href":"https:\/\/api.w.org\/{rel}","templated":true}]}}