{"id":151625,"date":"2022-08-17T16:03:09","date_gmt":"2022-08-17T19:03:09","guid":{"rendered":"http:\/\/centraldeportes.com.ar\/?p=20969"},"modified":"2022-08-17T16:03:09","modified_gmt":"2022-08-17T19:03:09","slug":"un-olavarriense-convocado-para-el-programa-potenciar","status":"publish","type":"post","link":"https:\/\/cdnoticias.com\/index.php\/2022\/08\/17\/un-olavarriense-convocado-para-el-programa-potenciar\/","title":{"rendered":"Un olavarriense convocado para el \u201cPrograma Potenciar\u201d"},"content":{"rendered":"<p>Francisco Crimaldi fue convocado por la Federaci\u00f3n Argentina de Tenis de Mesa para formar parte del \u201cPrograma de Seguimiento Potenciar&#8221;.<\/p>\n<p><!--more--><\/p>\n<hr \/>\n<p>La Federaci\u00f3n Argentina de Tenis de Mesa impuls\u00f3 el \u201cPrograma de Seguimiento Potenciar\u201d que busca que jugadores del interior de Argentina potencien sus habilidades y uno de los seleccionados fue el olavarriense representante de la Asociaci\u00f3n de Tenis de Mesa de Olavarr\u00eda.<\/p>\n<p>&nbsp;<\/p>\n<p>La idea del programa es brindar entrenamientos sistematizados con seguimiento continuo por parte de los entrenadores nacionales, tanto en sus provincias de origen como en grupo para que, de esta manera, puedan entrenar con jugadores de nivel similar y mejor, lo que les permitir\u00e1 sostener el progreso en el tiempo.<\/p>\n<p>&nbsp;<\/p>\n<p>En este caso, Crimaldi ser\u00e1 parte junto a otros 11 j\u00f3venes atletas, del Campamento Masculino que se realizar\u00e1 en la provincia de Mendoza, donde se reunir\u00e1n por 20 d\u00edas entre el 4 y 24 de septiembre del corriente a\u00f1o.<\/p>\n<p>&nbsp;<\/p>\n<p>Luego de esa instancia, los jugadores volver\u00e1n a sus ciudades de origen con un plan de trabajo al que se le har\u00e1 un seguimiento semanal con el fin de constatar que contin\u00faa el trabajo y as\u00ed poder progresar de manera ininterrumpida.<\/p>\n<p>&nbsp;<\/p>\n<p>Cabe mencionar que los directores del programa son Pablo Tabachnik y Oscar Roitman. Y los entrenadores a cargo de este campamento ser\u00e1n Pablo Tabachnik y Mat\u00edas Alto.<\/p>\n","protected":false},"excerpt":{"rendered":"<p>Francisco Crimaldi fue convocado por la Federaci\u00f3n Argentina de Tenis de Mesa para formar parte del \u201cPrograma de Seguimiento Potenciar&#8221;.<\/p>\n","protected":false},"author":96739694,"featured_media":151626,"comment_status":"closed","ping_status":"closed","sticky":false,"template":"","format":"standard","meta":{"_jetpack_memberships_contains_paid_content":false,"footnotes":""},"categories":[30,1],"tags":[],"class_list":["post-151625","post","type-post","status-publish","format-standard","has-post-thumbnail","hentry","category-polideportivo","category-portada"],"jetpack_featured_media_url":"https:\/\/i0.wp.com\/cdnoticias.com\/wp-content\/uploads\/2022\/08\/crimaldi.png?fit=800%2C445&ssl=1","jetpack_sharing_enabled":true,"_links":{"self":[{"href":"https:\/\/cdnoticias.com\/index.php\/wp-json\/wp\/v2\/posts\/151625","targetHints":{"allow":["GET"]}}],"collection":[{"href":"https:\/\/cdnoticias.com\/index.php\/wp-json\/wp\/v2\/posts"}],"about":[{"href":"https:\/\/cdnoticias.com\/index.php\/wp-json\/wp\/v2\/types\/post"}],"author":[{"embeddable":true,"href":"https:\/\/cdnoticias.com\/index.php\/wp-json\/wp\/v2\/users\/96739694"}],"replies":[{"embeddable":true,"href":"https:\/\/cdnoticias.com\/index.php\/wp-json\/wp\/v2\/comments?post=151625"}],"version-history":[{"count":0,"href":"https:\/\/cdnoticias.com\/index.php\/wp-json\/wp\/v2\/posts\/151625\/revisions"}],"wp:featuredmedia":[{"embeddable":true,"href":"https:\/\/cdnoticias.com\/index.php\/wp-json\/wp\/v2\/media\/151626"}],"wp:attachment":[{"href":"https:\/\/cdnoticias.com\/index.php\/wp-json\/wp\/v2\/media?parent=151625"}],"wp:term":[{"taxonomy":"category","embeddable":true,"href":"https:\/\/cdnoticias.com\/index.php\/wp-json\/wp\/v2\/categories?post=151625"},{"taxonomy":"post_tag","embeddable":true,"href":"https:\/\/cdnoticias.com\/index.php\/wp-json\/wp\/v2\/tags?post=151625"}],"curies":[{"name":"wp","href":"https:\/\/api.w.org\/{rel}","templated":true}]}}