{"id":151599,"date":"2022-08-31T14:40:08","date_gmt":"2022-08-31T17:40:08","guid":{"rendered":"http:\/\/centraldeportes.com.ar\/?p=21770"},"modified":"2022-08-31T14:40:08","modified_gmt":"2022-08-31T17:40:08","slug":"san-martin-se-suma-a-la-primera-division-de-abo-y-tambien-a-la-de-tandil","status":"publish","type":"post","link":"https:\/\/cdnoticias.com\/index.php\/2022\/08\/31\/san-martin-se-suma-a-la-primera-division-de-abo-y-tambien-a-la-de-tandil\/","title":{"rendered":"San Mart\u00edn se suma a la Primera Divisi\u00f3n de ABO y tambi\u00e9n a la de Tandil"},"content":{"rendered":"<p>Empez\u00f3 la cuenta regresiva para el comienzo del Torneo Clausura de la Asociaci\u00f3n de B\u00e1squet de Olavarr\u00eda con la novedad de que se sumar\u00e1 San Mart\u00edn que previamente tendr\u00e1 su debut en el segundo certamen de la Asociaci\u00f3n Tandilenese de B\u00e1squet.<!--more--><\/p>\n<hr \/>\n<p>&nbsp;<\/p>\n<p>La competencia local dar\u00e1 comienzo la venidera semana y tendr\u00e1 la participaci\u00f3n del \u201cLe\u00f3n Serrano\u201d al mando de Irineo Galli que participar\u00e1 por duplicado en dos torneos a la par ya que jugar\u00e1 el Torneo Clausura de Tandil.<\/p>\n<p>&nbsp;<\/p>\n<p>Un equipo con jugadores de experiencia m\u00e1s los basquetbolistas en formaci\u00f3n ser\u00e1n de la partida en el segundo certamen del a\u00f1o y para ello entrenaron y realizaron varios partidos amistosos.<\/p>\n<p>&nbsp;<\/p>\n<p>Pero no s\u00f3lo sumar\u00e1n su regreso a la m\u00e1xima divisi\u00f3n del b\u00e1squet local sino que tambi\u00e9n ser\u00e1n parte del segundo torneo del a\u00f1o en la Asociaci\u00f3n Tandilense de B\u00e1squet debutando el pr\u00f3ximo domingo en el gimnasio de Sierras Bayas desde las 19:30.<\/p>\n<p>&nbsp;<\/p>\n<p>El representante olavarriense recibir\u00e1 en el estreno a Jorge Newbery y tambi\u00e9n deber\u00e1 enfrentar a Independiente Rojo, Independiente Negro, Uni\u00f3n y Progreso y Unicen.<\/p>\n<p>&nbsp;<\/p>\n<p>Integran el equipo: Emiliano Coppero, Mart\u00edn Santana, Gonzalo Mar\u00edn, Iv\u00e1n Funes, Jordan Sandoval, Enzo Paramo, Aldo Alveza, Ignacio Villa, Juan Cruz Becker, Darian Americo, Tom\u00e1s Boado, Iv\u00e1n Cart\u00f3n, Andr\u00e9s Petersen, Tiziano Poli, Mateo Balbiani, Santiago Gunter, Thiago Conforti, Tom\u00e1s Ducca, Bruno Calandra, Braian Plaquin.<\/p>\n","protected":false},"excerpt":{"rendered":"<p>Empez\u00f3 la cuenta regresiva para el comienzo del Torneo Clausura de la Asociaci\u00f3n de B\u00e1squet de Olavarr\u00eda con la novedad<\/p>\n","protected":false},"author":96739694,"featured_media":0,"comment_status":"closed","ping_status":"closed","sticky":false,"template":"","format":"standard","meta":{"_jetpack_memberships_contains_paid_content":false,"footnotes":""},"categories":[31,1,43],"tags":[],"class_list":["post-151599","post","type-post","status-publish","format-standard","hentry","category-basquet","category-portada","category-primera"],"jetpack_featured_media_url":"","jetpack_sharing_enabled":true,"_links":{"self":[{"href":"https:\/\/cdnoticias.com\/index.php\/wp-json\/wp\/v2\/posts\/151599","targetHints":{"allow":["GET"]}}],"collection":[{"href":"https:\/\/cdnoticias.com\/index.php\/wp-json\/wp\/v2\/posts"}],"about":[{"href":"https:\/\/cdnoticias.com\/index.php\/wp-json\/wp\/v2\/types\/post"}],"author":[{"embeddable":true,"href":"https:\/\/cdnoticias.com\/index.php\/wp-json\/wp\/v2\/users\/96739694"}],"replies":[{"embeddable":true,"href":"https:\/\/cdnoticias.com\/index.php\/wp-json\/wp\/v2\/comments?post=151599"}],"version-history":[{"count":0,"href":"https:\/\/cdnoticias.com\/index.php\/wp-json\/wp\/v2\/posts\/151599\/revisions"}],"wp:attachment":[{"href":"https:\/\/cdnoticias.com\/index.php\/wp-json\/wp\/v2\/media?parent=151599"}],"wp:term":[{"taxonomy":"category","embeddable":true,"href":"https:\/\/cdnoticias.com\/index.php\/wp-json\/wp\/v2\/categories?post=151599"},{"taxonomy":"post_tag","embeddable":true,"href":"https:\/\/cdnoticias.com\/index.php\/wp-json\/wp\/v2\/tags?post=151599"}],"curies":[{"name":"wp","href":"https:\/\/api.w.org\/{rel}","templated":true}]}}