{"id":151577,"date":"2022-08-29T21:41:28","date_gmt":"2022-08-30T00:41:28","guid":{"rendered":"http:\/\/centraldeportes.com.ar\/?p=21732"},"modified":"2022-08-29T21:41:28","modified_gmt":"2022-08-30T00:41:28","slug":"nueva-fecha-de-promocionales-en-estudiantes","status":"publish","type":"post","link":"https:\/\/cdnoticias.com\/index.php\/2022\/08\/29\/nueva-fecha-de-promocionales-en-estudiantes\/","title":{"rendered":"Nueva fecha de Promocionales en Estudiantes"},"content":{"rendered":"<p>Organizado por la Asociaci\u00f3n Olavarriense de V\u00f3ley, el pasado s\u00e1bado en el Mini y Macro Gimnasio de Estudiantes se llev\u00f3 a cabo una nueva fecha de categor\u00edas Promocionales.<!--more--><\/p>\n<hr \/>\n<p>Gran participaci\u00f3n de equipos locales y de la zona participaron de una nueva jornada promocional en el Parque Guerrero.<\/p>\n<p>&nbsp;<\/p>\n<p>[soliloquy slug=&#8221;voley-masc&#8221;]<\/p>\n<p>&nbsp;<\/p>\n<p>Posiciones finales:<\/p>\n<p>Sub 15 Femenino:<\/p>\n<p>Campe\u00f3n: Independiente de Tandil<\/p>\n<p>Subcampe\u00f3n: Mariano Moreno<\/p>\n<p>Sub 18 Femenino:<\/p>\n<p>Campe\u00f3n: Estudiantes<\/p>\n<p>Subcampe\u00f3n: Racing<\/p>\n<p>Sub 18 Masculino:<\/p>\n<p>Campe\u00f3n: Racing<\/p>\n<p>Subcampe\u00f3n: Mariano Moreno<\/p>\n<p>&nbsp;<\/p>\n<p>&nbsp;<\/p>\n","protected":false},"excerpt":{"rendered":"<p>Organizado por la Asociaci\u00f3n Olavarriense de V\u00f3ley, el pasado s\u00e1bado en el Mini y Macro Gimnasio de Estudiantes se llev\u00f3<\/p>\n","protected":false},"author":96739694,"featured_media":151578,"comment_status":"closed","ping_status":"closed","sticky":false,"template":"","format":"standard","meta":{"_jetpack_memberships_contains_paid_content":false,"footnotes":""},"categories":[30,1],"tags":[],"class_list":["post-151577","post","type-post","status-publish","format-standard","has-post-thumbnail","hentry","category-polideportivo","category-portada"],"jetpack_featured_media_url":"https:\/\/i0.wp.com\/cdnoticias.com\/wp-content\/uploads\/2022\/08\/voley-m-13.jpeg?fit=1500%2C1000&ssl=1","jetpack_sharing_enabled":true,"_links":{"self":[{"href":"https:\/\/cdnoticias.com\/index.php\/wp-json\/wp\/v2\/posts\/151577","targetHints":{"allow":["GET"]}}],"collection":[{"href":"https:\/\/cdnoticias.com\/index.php\/wp-json\/wp\/v2\/posts"}],"about":[{"href":"https:\/\/cdnoticias.com\/index.php\/wp-json\/wp\/v2\/types\/post"}],"author":[{"embeddable":true,"href":"https:\/\/cdnoticias.com\/index.php\/wp-json\/wp\/v2\/users\/96739694"}],"replies":[{"embeddable":true,"href":"https:\/\/cdnoticias.com\/index.php\/wp-json\/wp\/v2\/comments?post=151577"}],"version-history":[{"count":0,"href":"https:\/\/cdnoticias.com\/index.php\/wp-json\/wp\/v2\/posts\/151577\/revisions"}],"wp:featuredmedia":[{"embeddable":true,"href":"https:\/\/cdnoticias.com\/index.php\/wp-json\/wp\/v2\/media\/151578"}],"wp:attachment":[{"href":"https:\/\/cdnoticias.com\/index.php\/wp-json\/wp\/v2\/media?parent=151577"}],"wp:term":[{"taxonomy":"category","embeddable":true,"href":"https:\/\/cdnoticias.com\/index.php\/wp-json\/wp\/v2\/categories?post=151577"},{"taxonomy":"post_tag","embeddable":true,"href":"https:\/\/cdnoticias.com\/index.php\/wp-json\/wp\/v2\/tags?post=151577"}],"curies":[{"name":"wp","href":"https:\/\/api.w.org\/{rel}","templated":true}]}}