{"id":151543,"date":"2022-08-17T12:04:44","date_gmt":"2022-08-17T15:04:44","guid":{"rendered":"http:\/\/centraldeportes.com.ar\/?p=20957"},"modified":"2022-08-17T12:04:44","modified_gmt":"2022-08-17T15:04:44","slug":"los-olivera-con-resultados-destacados-en-10k-en-tandil","status":"publish","type":"post","link":"https:\/\/cdnoticias.com\/index.php\/2022\/08\/17\/los-olivera-con-resultados-destacados-en-10k-en-tandil\/","title":{"rendered":"Los Olivera, con resultados destacados en 10K en Tandil"},"content":{"rendered":"<p>Mauricio y Mateo Olivera compitieron el pasado domingo en los 10 kil\u00f3metros organizados por la C\u00e1mara Empresaria de Tandil y\u00a0 lograron ubicarse en las principales posiciones.<!--more--><\/p>\n<hr \/>\n<p>Con motivo de festejar el centenario de la C\u00e1mara Empresaria, se realiz\u00f3 una prueba de 10 kil\u00f3metros con largada y llegada en el Parque de la Industria y el Comercio, detr\u00e1s del Murall\u00f3n y el m\u00e1s r\u00e1pido de la prueba fue el local Emmanuel Ance con un tiempo de 33:41. Lo siguieron Sergio Hoffman y Gustavo Esp\u00edndola.<\/p>\n<p>&nbsp;<\/p>\n<p>El cuarto lugar del podio fue para Mauricio Olivera, que adem\u00e1s fue segundo en su categor\u00eda, con un tiempo de 36 minutos y 56 segundos.<\/p>\n<p>&nbsp;<\/p>\n<p>Tambi\u00e9n ubicado en el Top 10 finaliz\u00f3 Mateo Olivera, que con un registro de 39:08 fue octavo en la general y el ganador de la categor\u00eda Juvenil.<\/p>\n","protected":false},"excerpt":{"rendered":"<p>Mauricio y Mateo Olivera compitieron el pasado domingo en los 10 kil\u00f3metros organizados por la C\u00e1mara Empresaria de Tandil y\u00a0<\/p>\n","protected":false},"author":96739694,"featured_media":151544,"comment_status":"closed","ping_status":"closed","sticky":false,"template":"","format":"standard","meta":{"_jetpack_memberships_contains_paid_content":false,"footnotes":""},"categories":[38,1],"tags":[],"class_list":["post-151543","post","type-post","status-publish","format-standard","has-post-thumbnail","hentry","category-pedestrismo","category-portada"],"jetpack_featured_media_url":"https:\/\/i0.wp.com\/cdnoticias.com\/wp-content\/uploads\/2022\/08\/299579393_10223651627772861_7939035369859538505_n-e1660693779556.jpg?fit=1077%2C680&ssl=1","jetpack_sharing_enabled":true,"_links":{"self":[{"href":"https:\/\/cdnoticias.com\/index.php\/wp-json\/wp\/v2\/posts\/151543","targetHints":{"allow":["GET"]}}],"collection":[{"href":"https:\/\/cdnoticias.com\/index.php\/wp-json\/wp\/v2\/posts"}],"about":[{"href":"https:\/\/cdnoticias.com\/index.php\/wp-json\/wp\/v2\/types\/post"}],"author":[{"embeddable":true,"href":"https:\/\/cdnoticias.com\/index.php\/wp-json\/wp\/v2\/users\/96739694"}],"replies":[{"embeddable":true,"href":"https:\/\/cdnoticias.com\/index.php\/wp-json\/wp\/v2\/comments?post=151543"}],"version-history":[{"count":0,"href":"https:\/\/cdnoticias.com\/index.php\/wp-json\/wp\/v2\/posts\/151543\/revisions"}],"wp:featuredmedia":[{"embeddable":true,"href":"https:\/\/cdnoticias.com\/index.php\/wp-json\/wp\/v2\/media\/151544"}],"wp:attachment":[{"href":"https:\/\/cdnoticias.com\/index.php\/wp-json\/wp\/v2\/media?parent=151543"}],"wp:term":[{"taxonomy":"category","embeddable":true,"href":"https:\/\/cdnoticias.com\/index.php\/wp-json\/wp\/v2\/categories?post=151543"},{"taxonomy":"post_tag","embeddable":true,"href":"https:\/\/cdnoticias.com\/index.php\/wp-json\/wp\/v2\/tags?post=151543"}],"curies":[{"name":"wp","href":"https:\/\/api.w.org\/{rel}","templated":true}]}}