{"id":15153,"date":"2021-03-02T15:44:35","date_gmt":"2021-03-02T18:44:35","guid":{"rendered":"http:\/\/www.centraldenoticias.com.ar\/?p=15153"},"modified":"2021-03-02T18:27:59","modified_gmt":"2021-03-02T21:27:59","slug":"tras-cerca-de-un-ano-de-espera-estrellas-amarillas-pudo-volver-a-la-actividad","status":"publish","type":"post","link":"https:\/\/cdnoticias.com\/index.php\/2021\/03\/02\/tras-cerca-de-un-ano-de-espera-estrellas-amarillas-pudo-volver-a-la-actividad\/","title":{"rendered":"Tras cerca de un a\u00f1o de espera, Estrellas Amarillas pudo volver a la actividad"},"content":{"rendered":"<p>En la ma\u00f1ana de este martes un cartel en conmemoraci\u00f3n de una v\u00edctima de un siniestro vial fue colocado en Ruta 51 y autopista Fortabat.<!--more--><\/p>\n<hr \/>\n<p><strong>\u201cTen\u00edamos muchas ganas de poder empezar con esto\u201d,<\/strong> reconoci\u00f3 Gustavo Spaltro en di\u00e1logo con <em><strong>Central de Noticias<\/strong><\/em>. \u201cPrimero por las familias, que quieren homenajear a su ser querido, pero tambi\u00e9n para poder seguir concientizando\u201d, subray\u00f3 uno de los principales referentes de la agrupaci\u00f3n local de Estrellas Amarillas, quien es adem\u00e1s el responsable de la Direcci\u00f3n de Control Urbano Municipal.<\/p>\n<p>&nbsp;<\/p>\n<p>En la ma\u00f1ana de este martes fue demarcado un nuevo sitio del partido de Olavarr\u00eda con una estrella amarilla. En este caso no fue pintada sobre el asfalto, sino que se trat\u00f3 de un cartel colocado a la vera del cruce de la Ruta Provincial 51 y la autopista Luciano Fortabat,<strong> el lugar donde Mar\u00eda Beatriz Echaide perdi\u00f3 la vida el pasado 15 de mayo de 2019 luego de que el auto en el que viajaba, un Fiat 147, protagonizara un siniestro vial contra un cami\u00f3n. Familiares y amigos fueron parte del sentido acto.<\/strong><\/p>\n<p>&nbsp;<\/p>\n<p><img data-recalc-dims=\"1\" loading=\"lazy\" decoding=\"async\" class=\"alignnone size-full wp-image-15156\" src=\"https:\/\/i0.wp.com\/cdnoticias.com\/wp-content\/uploads\/2021\/03\/estrellas01.jpg?resize=800%2C443&#038;ssl=1\" alt=\"\" width=\"800\" height=\"443\" srcset=\"https:\/\/i0.wp.com\/cdnoticias.com\/wp-content\/uploads\/2021\/03\/estrellas01.jpg?w=800&amp;ssl=1 800w, https:\/\/i0.wp.com\/cdnoticias.com\/wp-content\/uploads\/2021\/03\/estrellas01.jpg?resize=300%2C166&amp;ssl=1 300w, https:\/\/i0.wp.com\/cdnoticias.com\/wp-content\/uploads\/2021\/03\/estrellas01.jpg?resize=768%2C425&amp;ssl=1 768w\" sizes=\"auto, (max-width: 800px) 100vw, 800px\" \/><\/p>\n<p>&nbsp;<\/p>\n<p>Si bien hab\u00edan podido realizar demarcaciones en otros puntos de la provincia, <strong>las pintadas en nuestra ciudad se vieron obstaculizadas por la pandemia por pr\u00e1cticamente un a\u00f1o<\/strong>, seg\u00fan agreg\u00f3 Spaltro a este portal, quien agreg\u00f3 que <strong>ya hay cerca de media docena de sitios que se encuentran agendados para ser demarcados en el corto plazo.<\/strong><\/p>\n<p>&nbsp;<\/p>\n<p>El referente de Estrellas Amarillas y director de Control Urbano insisti\u00f3 en la importancia de este tipo de actividades. \u201c<strong>Si bien se homenajea a la v\u00edctima, se concientiza, damos educaci\u00f3n vial a trav\u00e9s de la Estrella Amarilla, porque el que pase por ah\u00ed sabr\u00e1 que ah\u00ed hubo una muerte. Ayuda mucho\u201d<\/strong>, concluy\u00f3.<\/p>\n","protected":false},"excerpt":{"rendered":"<p>En la ma\u00f1ana de este martes un cartel en conmemoraci\u00f3n de una v\u00edctima de un siniestro vial fue colocado en<\/p>\n","protected":false},"author":3,"featured_media":15157,"comment_status":"closed","ping_status":"closed","sticky":false,"template":"","format":"standard","meta":{"_jetpack_memberships_contains_paid_content":false,"footnotes":""},"categories":[5,1],"tags":[],"class_list":["post-15153","post","type-post","status-publish","format-standard","has-post-thumbnail","hentry","category-informacion-general","category-portada"],"jetpack_featured_media_url":"https:\/\/i0.wp.com\/cdnoticias.com\/wp-content\/uploads\/2021\/03\/portada-estrellas.jpg?fit=800%2C445&ssl=1","jetpack_sharing_enabled":true,"_links":{"self":[{"href":"https:\/\/cdnoticias.com\/index.php\/wp-json\/wp\/v2\/posts\/15153","targetHints":{"allow":["GET"]}}],"collection":[{"href":"https:\/\/cdnoticias.com\/index.php\/wp-json\/wp\/v2\/posts"}],"about":[{"href":"https:\/\/cdnoticias.com\/index.php\/wp-json\/wp\/v2\/types\/post"}],"author":[{"embeddable":true,"href":"https:\/\/cdnoticias.com\/index.php\/wp-json\/wp\/v2\/users\/3"}],"replies":[{"embeddable":true,"href":"https:\/\/cdnoticias.com\/index.php\/wp-json\/wp\/v2\/comments?post=15153"}],"version-history":[{"count":0,"href":"https:\/\/cdnoticias.com\/index.php\/wp-json\/wp\/v2\/posts\/15153\/revisions"}],"wp:featuredmedia":[{"embeddable":true,"href":"https:\/\/cdnoticias.com\/index.php\/wp-json\/wp\/v2\/media\/15157"}],"wp:attachment":[{"href":"https:\/\/cdnoticias.com\/index.php\/wp-json\/wp\/v2\/media?parent=15153"}],"wp:term":[{"taxonomy":"category","embeddable":true,"href":"https:\/\/cdnoticias.com\/index.php\/wp-json\/wp\/v2\/categories?post=15153"},{"taxonomy":"post_tag","embeddable":true,"href":"https:\/\/cdnoticias.com\/index.php\/wp-json\/wp\/v2\/tags?post=15153"}],"curies":[{"name":"wp","href":"https:\/\/api.w.org\/{rel}","templated":true}]}}