{"id":15151,"date":"2021-03-02T15:28:04","date_gmt":"2021-03-02T18:28:04","guid":{"rendered":"http:\/\/www.centraldenoticias.com.ar\/?p=15151"},"modified":"2021-03-02T15:28:04","modified_gmt":"2021-03-02T18:28:04","slug":"este-miercoles-habra-un-corte-de-energia-durante-parte-de-la-manana","status":"publish","type":"post","link":"https:\/\/cdnoticias.com\/index.php\/2021\/03\/02\/este-miercoles-habra-un-corte-de-energia-durante-parte-de-la-manana\/","title":{"rendered":"Este mi\u00e9rcoles habr\u00e1 un corte de energ\u00eda durante parte de la ma\u00f1ana"},"content":{"rendered":"<p>Ser\u00e1 durante tres horas y media en un sector de la ciudad. El motivo es por mantenimiento de la red.<!--more--><\/p>\n<hr \/>\n<p>Este mi\u00e9rcoles 3 de marzo se producir\u00e1 un corte de energ\u00eda el\u00e9ctrica debido a <strong>tareas de mantenimiento de la red.<\/strong><\/p>\n<p>&nbsp;<\/p>\n<p>Seg\u00fan se inform\u00f3 desde Coopelectric, l<strong>a interrupci\u00f3n ser\u00e1 de 7:00 a 10:30<\/strong>, en el sector comprendido por <strong>Moya, Necochea, Ant\u00e1rtida Argentina y San Mart\u00edn.<\/strong><\/p>\n<p>&nbsp;<\/p>\n<p>Asimismo, se indic\u00f3 que la interrupci\u00f3n <strong>se podr\u00e1 reprogramar si las condiciones clim\u00e1ticas son adversas.<\/strong><\/p>\n","protected":false},"excerpt":{"rendered":"<p>Ser\u00e1 durante tres horas y media en un sector de la ciudad. El motivo es por mantenimiento de la red.<\/p>\n","protected":false},"author":5,"featured_media":6841,"comment_status":"closed","ping_status":"closed","sticky":false,"template":"","format":"standard","meta":{"_jetpack_memberships_contains_paid_content":false,"footnotes":""},"categories":[5,1],"tags":[],"class_list":["post-15151","post","type-post","status-publish","format-standard","has-post-thumbnail","hentry","category-informacion-general","category-portada"],"jetpack_featured_media_url":"https:\/\/i0.wp.com\/cdnoticias.com\/wp-content\/uploads\/2020\/11\/01-Tareas-Alimentador-N%C2%B0-1.jpg?fit=1365%2C768&ssl=1","jetpack_sharing_enabled":true,"_links":{"self":[{"href":"https:\/\/cdnoticias.com\/index.php\/wp-json\/wp\/v2\/posts\/15151","targetHints":{"allow":["GET"]}}],"collection":[{"href":"https:\/\/cdnoticias.com\/index.php\/wp-json\/wp\/v2\/posts"}],"about":[{"href":"https:\/\/cdnoticias.com\/index.php\/wp-json\/wp\/v2\/types\/post"}],"author":[{"embeddable":true,"href":"https:\/\/cdnoticias.com\/index.php\/wp-json\/wp\/v2\/users\/5"}],"replies":[{"embeddable":true,"href":"https:\/\/cdnoticias.com\/index.php\/wp-json\/wp\/v2\/comments?post=15151"}],"version-history":[{"count":0,"href":"https:\/\/cdnoticias.com\/index.php\/wp-json\/wp\/v2\/posts\/15151\/revisions"}],"wp:featuredmedia":[{"embeddable":true,"href":"https:\/\/cdnoticias.com\/index.php\/wp-json\/wp\/v2\/media\/6841"}],"wp:attachment":[{"href":"https:\/\/cdnoticias.com\/index.php\/wp-json\/wp\/v2\/media?parent=15151"}],"wp:term":[{"taxonomy":"category","embeddable":true,"href":"https:\/\/cdnoticias.com\/index.php\/wp-json\/wp\/v2\/categories?post=15151"},{"taxonomy":"post_tag","embeddable":true,"href":"https:\/\/cdnoticias.com\/index.php\/wp-json\/wp\/v2\/tags?post=15151"}],"curies":[{"name":"wp","href":"https:\/\/api.w.org\/{rel}","templated":true}]}}