{"id":151507,"date":"2022-08-16T15:28:50","date_gmt":"2022-08-16T18:28:50","guid":{"rendered":"http:\/\/centraldeportes.com.ar\/?p=20935"},"modified":"2022-08-16T15:28:50","modified_gmt":"2022-08-16T18:28:50","slug":"teo-gamondi-fue-campeon-en-mendoza-y-jugara-el-panamericano","status":"publish","type":"post","link":"https:\/\/cdnoticias.com\/index.php\/2022\/08\/16\/teo-gamondi-fue-campeon-en-mendoza-y-jugara-el-panamericano\/","title":{"rendered":"Teo Gamondi fue campe\u00f3n en Mendoza y jugar\u00e1 el Panamericano"},"content":{"rendered":"<p>Teo Gamondi se consagr\u00f3 campe\u00f3n del M\u00e1ster P\u00e1del, evento final de los selectivos APA y representar\u00e1 a la Selecci\u00f3n Argentina en el Campeonato Panamericano.<!--more--><\/p>\n<hr \/>\n<p>En el Estadio Aconcagua de Mendoza, Gamondi compiti\u00f3 junto a Ignacio Archieri -Lober\u00eda- en la categor\u00eda Sub16 y logr\u00f3 el t\u00edtulo tras derrotar en la final por 7\/6 7\/6 a la dupla Verna &#8211; Di Francesco.<\/p>\n<p>&nbsp;<\/p>\n<p>El t\u00edtulo le sirvi\u00f3 adem\u00e1s, para asegurarse ser la pareja argentina en la categor\u00eda que en octubre pr\u00f3ximo participar\u00e1 en el Campeonato Panamericano que tendr\u00e1 lugar en Cambori\u00fa, Brasil.<\/p>\n","protected":false},"excerpt":{"rendered":"<p>Teo Gamondi se consagr\u00f3 campe\u00f3n del M\u00e1ster P\u00e1del, evento final de los selectivos APA y representar\u00e1 a la Selecci\u00f3n Argentina<\/p>\n","protected":false},"author":96739694,"featured_media":151508,"comment_status":"closed","ping_status":"closed","sticky":false,"template":"","format":"standard","meta":{"_jetpack_memberships_contains_paid_content":false,"footnotes":""},"categories":[30,1],"tags":[],"class_list":["post-151507","post","type-post","status-publish","format-standard","has-post-thumbnail","hentry","category-polideportivo","category-portada"],"jetpack_featured_media_url":"https:\/\/i0.wp.com\/cdnoticias.com\/wp-content\/uploads\/2022\/08\/WhatsApp-Image-2022-08-13-at-7.00.26-PM.jpeg?fit=800%2C600&ssl=1","jetpack_sharing_enabled":true,"_links":{"self":[{"href":"https:\/\/cdnoticias.com\/index.php\/wp-json\/wp\/v2\/posts\/151507","targetHints":{"allow":["GET"]}}],"collection":[{"href":"https:\/\/cdnoticias.com\/index.php\/wp-json\/wp\/v2\/posts"}],"about":[{"href":"https:\/\/cdnoticias.com\/index.php\/wp-json\/wp\/v2\/types\/post"}],"author":[{"embeddable":true,"href":"https:\/\/cdnoticias.com\/index.php\/wp-json\/wp\/v2\/users\/96739694"}],"replies":[{"embeddable":true,"href":"https:\/\/cdnoticias.com\/index.php\/wp-json\/wp\/v2\/comments?post=151507"}],"version-history":[{"count":0,"href":"https:\/\/cdnoticias.com\/index.php\/wp-json\/wp\/v2\/posts\/151507\/revisions"}],"wp:featuredmedia":[{"embeddable":true,"href":"https:\/\/cdnoticias.com\/index.php\/wp-json\/wp\/v2\/media\/151508"}],"wp:attachment":[{"href":"https:\/\/cdnoticias.com\/index.php\/wp-json\/wp\/v2\/media?parent=151507"}],"wp:term":[{"taxonomy":"category","embeddable":true,"href":"https:\/\/cdnoticias.com\/index.php\/wp-json\/wp\/v2\/categories?post=151507"},{"taxonomy":"post_tag","embeddable":true,"href":"https:\/\/cdnoticias.com\/index.php\/wp-json\/wp\/v2\/tags?post=151507"}],"curies":[{"name":"wp","href":"https:\/\/api.w.org\/{rel}","templated":true}]}}