{"id":151466,"date":"2025-02-10T18:55:54","date_gmt":"2025-02-10T21:55:54","guid":{"rendered":"https:\/\/cdnoticias.com\/?p=151466"},"modified":"2025-02-11T08:32:03","modified_gmt":"2025-02-11T11:32:03","slug":"la-temperatura-maxima-de-este-lunes-fue-de-37-5c-y-los-vientos-soplaron-a-70km-h","status":"publish","type":"post","link":"https:\/\/cdnoticias.com\/index.php\/2025\/02\/10\/la-temperatura-maxima-de-este-lunes-fue-de-37-5c-y-los-vientos-soplaron-a-70km-h\/","title":{"rendered":"La temperatura m\u00e1xima de este lunes fue de 37.5\u00b0C y los vientos soplaron a 70km\/h"},"content":{"rendered":"\n<p>Los datos se desprenden de lo informado por la Estaci\u00f3n Meteorol\u00f3gica Local durante toda la jornada. El viento m\u00e1s fuerte se registr\u00f3 a la ma\u00f1ana.<\/p>\n\n\n\n<hr class=\"wp-block-separator aligncenter has-alpha-channel-opacity\"\/>\n\n\n\n<p>Seg\u00fan los datos informados hora por hora de la <strong>Estaci\u00f3n Meteorol\u00f3gica de Olavarr\u00eda, la m\u00e1xima registrada este lunes en Olavarr\u00eda fue de 37.5\u00b0C a las 16:15 horas, siendo la m\u00e1s alta de lo que va de este a\u00f1o. Pero adem\u00e1s, los fuertes vientos superaron los 70 km\/h.<\/strong> En la previsi\u00f3n, se estima un fuerte descenso de la temperatura para el martes.<\/p>\n\n\n\n<p>En una ola de intenso calor en todo el pa\u00eds,<strong> la m\u00e1xima estaba estipulada en 38\u00b0C y por 0,5\u00b0 no se alcanz\u00f3: de todas maneras, el calor se hizo sentir durante todo el d\u00eda en Olavarr\u00eda.<\/strong><\/p>\n\n\n\n<p>Pero adem\u00e1s,<strong> la regi\u00f3n estaba bajo alerta amarilla por fuertes vientos, que se registraron durante todo el d\u00eda: las r\u00e1fagas m\u00e1s fuertes se registraron a las 11:00 de la ma\u00f1ana, con 70km\/h.<\/strong><\/p>\n\n\n\n<p><strong>Durante la tarde, vale decir, las r\u00e1fagas de viento superaron los 60km\/h <\/strong>pero no alcanzaron la m\u00e1xima registrada por la ma\u00f1ana.<\/p>\n\n\n\n<p>Se estima que el calor se sostenga hasta la noche de este lunes, y <strong>en la madrugada del martes habr\u00e1 un brusco descenso de la temperatura: tanto, que se estima una m\u00e1xima de tan s\u00f3lo 25\u00b0C para la jornada, marcada por vientos del sur y una chance, baja, de tormentas aisladas.<\/strong><\/p>\n\n\n\n<p><strong>Un alivio en un verano caliente.<\/strong><\/p>\n","protected":false},"excerpt":{"rendered":"<p>Los datos se desprenden de lo informado por la Estaci\u00f3n Meteorol\u00f3gica Local durante toda la jornada. El viento m\u00e1s fuerte<\/p>\n","protected":false},"author":2,"featured_media":107927,"comment_status":"closed","ping_status":"closed","sticky":false,"template":"","format":"standard","meta":{"_jetpack_memberships_contains_paid_content":false,"footnotes":""},"categories":[5,1],"tags":[],"class_list":["post-151466","post","type-post","status-publish","format-standard","has-post-thumbnail","hentry","category-informacion-general","category-portada"],"jetpack_featured_media_url":"https:\/\/i0.wp.com\/cdnoticias.com\/wp-content\/uploads\/2024\/02\/parque-verano-calor-7-scaled.jpg?fit=2560%2C1424&ssl=1","jetpack_sharing_enabled":true,"_links":{"self":[{"href":"https:\/\/cdnoticias.com\/index.php\/wp-json\/wp\/v2\/posts\/151466","targetHints":{"allow":["GET"]}}],"collection":[{"href":"https:\/\/cdnoticias.com\/index.php\/wp-json\/wp\/v2\/posts"}],"about":[{"href":"https:\/\/cdnoticias.com\/index.php\/wp-json\/wp\/v2\/types\/post"}],"author":[{"embeddable":true,"href":"https:\/\/cdnoticias.com\/index.php\/wp-json\/wp\/v2\/users\/2"}],"replies":[{"embeddable":true,"href":"https:\/\/cdnoticias.com\/index.php\/wp-json\/wp\/v2\/comments?post=151466"}],"version-history":[{"count":0,"href":"https:\/\/cdnoticias.com\/index.php\/wp-json\/wp\/v2\/posts\/151466\/revisions"}],"wp:featuredmedia":[{"embeddable":true,"href":"https:\/\/cdnoticias.com\/index.php\/wp-json\/wp\/v2\/media\/107927"}],"wp:attachment":[{"href":"https:\/\/cdnoticias.com\/index.php\/wp-json\/wp\/v2\/media?parent=151466"}],"wp:term":[{"taxonomy":"category","embeddable":true,"href":"https:\/\/cdnoticias.com\/index.php\/wp-json\/wp\/v2\/categories?post=151466"},{"taxonomy":"post_tag","embeddable":true,"href":"https:\/\/cdnoticias.com\/index.php\/wp-json\/wp\/v2\/tags?post=151466"}],"curies":[{"name":"wp","href":"https:\/\/api.w.org\/{rel}","templated":true}]}}