{"id":151463,"date":"2025-02-10T18:30:54","date_gmt":"2025-02-10T21:30:54","guid":{"rendered":"https:\/\/cdnoticias.com\/?p=151463"},"modified":"2025-02-10T18:30:58","modified_gmt":"2025-02-10T21:30:58","slug":"sebastian-cipres-vuelve-al-automovilismo-nacional-correra-en-clase-2-del-turismo-pista","status":"publish","type":"post","link":"https:\/\/cdnoticias.com\/index.php\/2025\/02\/10\/sebastian-cipres-vuelve-al-automovilismo-nacional-correra-en-clase-2-del-turismo-pista\/","title":{"rendered":"Sebasti\u00e1n Cipr\u00e9s vuelve al automovilismo nacional: correr\u00e1 en Clase 2 del Turismo Pista"},"content":{"rendered":"\n<p>Lo confirm\u00f3 este lunes e incluso present\u00f3 el dise\u00f1o de su auto. Estar\u00e1 en la segunda fecha del calendario, en La Plata.<\/p>\n\n\n\n<hr class=\"wp-block-separator aligncenter has-alpha-channel-opacity\"\/>\n\n\n\n<p>El piloto olavarriense <strong>Sebasti\u00e1n Cipr\u00e9s confirm\u00f3 en di\u00e1logo con V\u00edctor Mart\u00ednez (Recta Final, FM Sapiens 102.7) que volver\u00e1 al automovilismo nacional y lo har\u00e1 en la Clase 2 del Turismo Pista en un auto que condujo el a\u00f1o pasado Valentino Spinella y que en esta ocasi\u00f3n tendr\u00e1 la atenci\u00f3n de motor de Francisco Traina.<\/strong><\/p>\n\n\n\n<p>Cipr\u00e9s, tras confirmar la noticia, dijo que <em>\u201chace rato que venimos amagando en correr en el auto de Dar\u00edo (Manzur) y podemos concretarlo. Siempre lo desee mucho y ten\u00eda ganas de correr en la Clase 2, lo pudimos concretar\u201d.<\/em><\/p>\n\n\n\n<p>Si bien <strong>Cipr\u00e9s dej\u00f3 la Clase 1 e incluso vendi\u00f3 el auto, dando cuenta que pod\u00eda venirse un a\u00f1o sab\u00e1tico, explic\u00f3 que decidieron seguir<\/strong><em><strong> <\/strong>\u201cm\u00e1s que nada por todo el grupo humano que tenemos hoy trabajando en el auto, juntando fuerza y haciendo el esfuerzo para poder estar. Se me cay\u00f3 adem\u00e1s la publicidad m\u00e1s grande que ten\u00edamos el a\u00f1o pasado y lo ve\u00eda medio imposible seguir. <strong>La realidad que se hizo un esfuerzo enorme para poner el auto en pista, se gast\u00f3 mucha plata para dejarlo 10 puntos<\/strong>\u201d.<\/em><\/p>\n\n\n\n<p>Incluso, manifest\u00f3 que <strong>la actualidad encuentra una situaci\u00f3n<em> \u201cre dif\u00edcil\u201d <\/em>ya que<em> \u201csalimos a buscar publicidades y encontramos muchos no. Se hace cuesta arriba\u201d.<\/em><\/strong><\/p>\n\n\n\n<blockquote class=\"wp-block-quote is-layout-flow wp-block-quote-is-layout-flow\">\n<p>\u201cEstamos tratando de hacer lo imposible para no poner tanto del bolsillo. En concreto hacemos lo que nos gusta, Dar\u00edo, yo, los chicos que est\u00e1n con nosotros. El automovilismo nacional si no ten\u00e9s un presupuesto acorde es imposible. Lo vamos a lograr y creemos que vamos a estar todo el a\u00f1o\u201d.<\/p>\n<\/blockquote>\n\n\n\n<p>De cara a la segunda fecha del campeonato que se realizar\u00e1 el 28 de febrero, 1 y 2 de marzo en el \u201cRoberto Mouras\u201d de La Plata,<em> \u201cla idea es pegar unas vueltas en la semana previa a la carrera para ver que est\u00e9 todo bien y dem\u00e1s. Estaba bien de kilos pero logramos sacarle algunos de lugares que no est\u00e1 bueno que est\u00e9n. Es un auto que el a\u00f1o pasado anduvo muy bien, cerr\u00f3 el a\u00f1o entre los 10, 12 primeros\u201d.<\/em><\/p>\n\n\n\n<p><em><strong>\u201cEs un desaf\u00edo lindo que vamos a tener y esperemos tener buenos resultados\u201d<\/strong><\/em> cerr\u00f3 el piloto olavarriense.<\/p>\n","protected":false},"excerpt":{"rendered":"<p>Lo confirm\u00f3 este lunes e incluso present\u00f3 el dise\u00f1o de su auto. Estar\u00e1 en la segunda fecha del calendario, en<\/p>\n","protected":false},"author":2,"featured_media":151464,"comment_status":"closed","ping_status":"closed","sticky":false,"template":"","format":"standard","meta":{"_jetpack_memberships_contains_paid_content":false,"footnotes":""},"categories":[34,1],"tags":[],"class_list":["post-151463","post","type-post","status-publish","format-standard","has-post-thumbnail","hentry","category-automovilismo","category-portada"],"jetpack_featured_media_url":"https:\/\/i0.wp.com\/cdnoticias.com\/wp-content\/uploads\/2025\/02\/cipres-turismopista.jpg?fit=1080%2C588&ssl=1","jetpack_sharing_enabled":true,"_links":{"self":[{"href":"https:\/\/cdnoticias.com\/index.php\/wp-json\/wp\/v2\/posts\/151463","targetHints":{"allow":["GET"]}}],"collection":[{"href":"https:\/\/cdnoticias.com\/index.php\/wp-json\/wp\/v2\/posts"}],"about":[{"href":"https:\/\/cdnoticias.com\/index.php\/wp-json\/wp\/v2\/types\/post"}],"author":[{"embeddable":true,"href":"https:\/\/cdnoticias.com\/index.php\/wp-json\/wp\/v2\/users\/2"}],"replies":[{"embeddable":true,"href":"https:\/\/cdnoticias.com\/index.php\/wp-json\/wp\/v2\/comments?post=151463"}],"version-history":[{"count":0,"href":"https:\/\/cdnoticias.com\/index.php\/wp-json\/wp\/v2\/posts\/151463\/revisions"}],"wp:featuredmedia":[{"embeddable":true,"href":"https:\/\/cdnoticias.com\/index.php\/wp-json\/wp\/v2\/media\/151464"}],"wp:attachment":[{"href":"https:\/\/cdnoticias.com\/index.php\/wp-json\/wp\/v2\/media?parent=151463"}],"wp:term":[{"taxonomy":"category","embeddable":true,"href":"https:\/\/cdnoticias.com\/index.php\/wp-json\/wp\/v2\/categories?post=151463"},{"taxonomy":"post_tag","embeddable":true,"href":"https:\/\/cdnoticias.com\/index.php\/wp-json\/wp\/v2\/tags?post=151463"}],"curies":[{"name":"wp","href":"https:\/\/api.w.org\/{rel}","templated":true}]}}