{"id":15146,"date":"2021-03-02T15:05:09","date_gmt":"2021-03-02T18:05:09","guid":{"rendered":"http:\/\/www.centraldenoticias.com.ar\/?p=15146"},"modified":"2021-03-02T15:07:25","modified_gmt":"2021-03-02T18:07:25","slug":"murio-el-femicida-de-guadalupe-y-la-familia-ira-contra-los-funcionarios","status":"publish","type":"post","link":"https:\/\/cdnoticias.com\/index.php\/2021\/03\/02\/murio-el-femicida-de-guadalupe-y-la-familia-ira-contra-los-funcionarios\/","title":{"rendered":"Muri\u00f3 el femicida de Guadalupe y la familia ir\u00e1 &#8220;contra los funcionarios&#8221;"},"content":{"rendered":"<p>Se trata de Bautista Quintriqueo, acusado de matar a pu\u00f1aladas a Guadalupe Cural en pleno centro de Villa La Angostura. Estaba internado tras dos intentos de suicidios.<!--more--><\/p>\n<hr \/>\n<p>Bautista Quintriqueo, el hombre acusado de matar a pu\u00f1aladas a Guadalupe Curual en pleno centro de Villa La Angostura, <strong>muri\u00f3 este martes en el hospital de San Mart\u00edn de los Andes en el que estaba internado tras dos intentos de suicidio.<\/strong><\/p>\n<p>&nbsp;<\/p>\n<p>Asimismo, se conoci\u00f3 que <strong>la familia de la v\u00edctima ir\u00e1 <em>&#8220;contra los funcionarios que no actuaron&#8221;<\/em> para evitar el femicidio<\/strong>, inform\u00f3 su abogado.<\/p>\n<p>&nbsp;<\/p>\n<p><em>&#8220;Se va a extinguir la acci\u00f3n penal con la muerte del imputado&#8221;<\/em>, explic\u00f3 a T\u00e9lam el abogado de Marcelo Hertzriken Velazco, quien agreg\u00f3 que ahora la familia <em>&#8220;va a ir claramente contra los funcionarios que no actuaron por incumplimiento de los deberes de funcionario p\u00fablico&#8221;.<\/em><\/p>\n<p>&nbsp;<\/p>\n<p>A minutos de conocerse la muerte de Quintriqueo en el hospital Ram\u00f3n Carrillo, adonde estaba desde que intent\u00f3 ahorcarse con un cable en el hospital de Villa La Agostura, el letrado explic\u00f3 que <em>&#8220;obviamente el proceso contra Quintriqueo no va a seguir adelante&#8221;<\/em> pero <strong>se iniciar\u00e1 <em>&#8220;una causa penal contra el juez que renunci\u00f3&#8221;<\/em> y adem\u00e1s <em>&#8220;un juicio contra el Estado&#8221;.<\/em><\/strong><\/p>\n<p>&nbsp;<\/p>\n<p>Hertzriken se refiri\u00f3 as\u00ed a la renuncia del juez Multiufueros de Villa La Angostura, <strong>Jorge Alberto Videla<\/strong>, quien renunci\u00f3 en las \u00faltimas horas a su cargo en medio del repudio por su actuaci\u00f3n ante las denuncias realizadas por Guadalupe contra su expareja Quintriqueo por violencia de g\u00e9nero.<\/p>\n<p>&nbsp;<\/p>\n<p>Fuente: T\u00e9lam<\/p>\n","protected":false},"excerpt":{"rendered":"<p>Se trata de Bautista Quintriqueo, acusado de matar a pu\u00f1aladas a Guadalupe Cural en pleno centro de Villa La Angostura.<\/p>\n","protected":false},"author":5,"featured_media":15148,"comment_status":"closed","ping_status":"closed","sticky":false,"template":"","format":"standard","meta":{"_jetpack_memberships_contains_paid_content":false,"footnotes":""},"categories":[6,1],"tags":[],"class_list":["post-15146","post","type-post","status-publish","format-standard","has-post-thumbnail","hentry","category-nacionales","category-portada"],"jetpack_featured_media_url":"https:\/\/i0.wp.com\/cdnoticias.com\/wp-content\/uploads\/2021\/03\/6036721572cbf_1004x565.jpg?fit=1004%2C565&ssl=1","jetpack_sharing_enabled":true,"_links":{"self":[{"href":"https:\/\/cdnoticias.com\/index.php\/wp-json\/wp\/v2\/posts\/15146","targetHints":{"allow":["GET"]}}],"collection":[{"href":"https:\/\/cdnoticias.com\/index.php\/wp-json\/wp\/v2\/posts"}],"about":[{"href":"https:\/\/cdnoticias.com\/index.php\/wp-json\/wp\/v2\/types\/post"}],"author":[{"embeddable":true,"href":"https:\/\/cdnoticias.com\/index.php\/wp-json\/wp\/v2\/users\/5"}],"replies":[{"embeddable":true,"href":"https:\/\/cdnoticias.com\/index.php\/wp-json\/wp\/v2\/comments?post=15146"}],"version-history":[{"count":0,"href":"https:\/\/cdnoticias.com\/index.php\/wp-json\/wp\/v2\/posts\/15146\/revisions"}],"wp:featuredmedia":[{"embeddable":true,"href":"https:\/\/cdnoticias.com\/index.php\/wp-json\/wp\/v2\/media\/15148"}],"wp:attachment":[{"href":"https:\/\/cdnoticias.com\/index.php\/wp-json\/wp\/v2\/media?parent=15146"}],"wp:term":[{"taxonomy":"category","embeddable":true,"href":"https:\/\/cdnoticias.com\/index.php\/wp-json\/wp\/v2\/categories?post=15146"},{"taxonomy":"post_tag","embeddable":true,"href":"https:\/\/cdnoticias.com\/index.php\/wp-json\/wp\/v2\/tags?post=15146"}],"curies":[{"name":"wp","href":"https:\/\/api.w.org\/{rel}","templated":true}]}}