{"id":151425,"date":"2025-02-11T08:16:40","date_gmt":"2025-02-11T11:16:40","guid":{"rendered":"https:\/\/cdnoticias.com\/?p=151425"},"modified":"2025-02-11T08:16:45","modified_gmt":"2025-02-11T11:16:45","slug":"girard-con-tal-de-sacar-provecho-politico-la-oposicion-perjudico-a-los-productores","status":"publish","type":"post","link":"https:\/\/cdnoticias.com\/index.php\/2025\/02\/11\/girard-con-tal-de-sacar-provecho-politico-la-oposicion-perjudico-a-los-productores\/","title":{"rendered":"Girard: \u201cCon tal de sacar provecho pol\u00edtico, la oposici\u00f3n perjudic\u00f3 a los productores\u201d"},"content":{"rendered":"<p>El titular de ARBA se pronunci\u00f3 sobre el fallo judicial a favor del organismo de recaudaci\u00f3n por el impuesto Inmobiliario Rural.<!--more--><\/p>\n<hr \/>\n<p><strong>La Justicia bonaerense rechaz\u00f3 definitivamente el amparo presentado por productores rurales que buscaban el rec\u00e1lculo del Impuesto Inmobiliario Rural 2024<\/strong>, confirmando la legalidad del esquema tributario implementado por ARBA. <a href=\"https:\/\/cdnoticias.com\/index.php\/2025\/02\/07\/cuota-4-del-impuesto-inmobiliario-rural-la-justicia-fallo-a-favor-de-arba\/\" target=\"_blank\" rel=\"noopener\">La sentencia, dictada por el Juzgado Civil y Comercial N\u00b0 4 de Azul<\/a>, desestim\u00f3 los argumentos sobre presunta confiscatoriedad y ratific\u00f3 que el tributo fue calculado conforme al marco legal vigente.<\/p>\n<blockquote><p>&#8220;Lamentablemente, desde la oposici\u00f3n hicieron un uso pol\u00edtico del tema, con Espert y dirigentes del PRO llamando a la rebeli\u00f3n fiscal. En los hechos, lo \u00fanico que lograron fue hacerles perder plata y tiempo a un grupo de productores&#8221;, se\u00f1al\u00f3 Cristian Girard, director de ARBA.<\/p><\/blockquote>\n<p>\u201cFinalmente, lo que ocurri\u00f3 fue que la Justicia desech\u00f3 la cautelar y resolvi\u00f3 el fondo. Dijo que no hab\u00eda ninguna ilegalidad en el proceso de emisi\u00f3n de impuestos y rechaz\u00f3 el planteo de los productores. <strong>Qu\u00e9dense tranquilos que ARBA est\u00e1 emitiendo los impuestos seg\u00fan establece la Ley\u201d<\/strong>, destac\u00f3 el titular de ARBA.<\/p>\n<p>En declaraciones radiales, Girard record\u00f3 que <strong>el pr\u00f3ximo 8 de abril vence la primera cuota del Impuesto Inmobiliario Rural 2025<\/strong>.<em> &#8220;La primera cuota se mantendr\u00e1 igual a la del a\u00f1o anterior, lo que implica una reducci\u00f3n real de la carga tributaria&#8221;<\/em>, explic\u00f3 Girard.<\/p>\n<p>Como novedad, ARBA implement\u00f3 <strong>beneficios adicionales para el sector agropecuario<\/strong>: por primera vez, los productores rurales podr\u00e1n abonar el impuesto de manera anual, accediendo a un descuento de hasta 15% por pago en t\u00e9rmino. &#8220;Mientras algunos promueven el caos, nosotros seguimos trabajando para garantizar el cumplimiento de las leyes impositivas, simplificando tr\u00e1mites y facilitando el pago de tributos. Nuestro objetivo es perseguir la equidad fiscal y generar recursos p\u00fablicos genuinos que se destinan al desarrollo de la Provincia&#8221;, concluy\u00f3 el titular del organismo.<\/p>\n<p>El fallo judicial, que se suma a rechazos similares en otros departamentos judiciales, subray\u00f3 que la acci\u00f3n de amparo no era la v\u00eda adecuada para cuestionar la determinaci\u00f3n del impuesto y ratific\u00f3 que los contribuyentes cuentan con mecanismos ordinarios para plantear sus reclamos.<\/p>\n<blockquote class=\"wp-embedded-content\" data-secret=\"FqtHyTw32A\"><p><a href=\"https:\/\/cdnoticias.com\/index.php\/2025\/01\/31\/arba-establecio-las-fechas-de-vencimiento-de-los-impuestos-patrimoniales\/\">ARBA estableci\u00f3 las fechas de vencimiento de los impuestos patrimoniales<\/a><\/p><\/blockquote>\n<p><iframe loading=\"lazy\" class=\"wp-embedded-content\" sandbox=\"allow-scripts\" security=\"restricted\" style=\"position: absolute; visibility: hidden;\" title=\"&#8220;ARBA estableci\u00f3 las fechas de vencimiento de los impuestos patrimoniales&#8221; &#8212; Central de Noticias | Olavarr\u00eda\" src=\"https:\/\/cdnoticias.com\/index.php\/2025\/01\/31\/arba-establecio-las-fechas-de-vencimiento-de-los-impuestos-patrimoniales\/embed\/#?secret=YksdcMXwtq#?secret=FqtHyTw32A\" data-secret=\"FqtHyTw32A\" width=\"600\" height=\"338\" frameborder=\"0\" marginwidth=\"0\" marginheight=\"0\" scrolling=\"no\"><\/iframe><\/p>\n","protected":false},"excerpt":{"rendered":"<p>El titular de ARBA se pronunci\u00f3 sobre el fallo judicial a favor del organismo de recaudaci\u00f3n por el impuesto Inmobiliario<\/p>\n","protected":false},"author":4,"featured_media":151426,"comment_status":"closed","ping_status":"closed","sticky":false,"template":"","format":"standard","meta":{"_jetpack_memberships_contains_paid_content":false,"footnotes":""},"categories":[6,1],"tags":[],"class_list":["post-151425","post","type-post","status-publish","format-standard","has-post-thumbnail","hentry","category-nacionales","category-portada"],"jetpack_featured_media_url":"https:\/\/i0.wp.com\/cdnoticias.com\/wp-content\/uploads\/2025\/02\/Cristian-Girard-ARBA-00.jpg?fit=1000%2C556&ssl=1","jetpack_sharing_enabled":true,"_links":{"self":[{"href":"https:\/\/cdnoticias.com\/index.php\/wp-json\/wp\/v2\/posts\/151425","targetHints":{"allow":["GET"]}}],"collection":[{"href":"https:\/\/cdnoticias.com\/index.php\/wp-json\/wp\/v2\/posts"}],"about":[{"href":"https:\/\/cdnoticias.com\/index.php\/wp-json\/wp\/v2\/types\/post"}],"author":[{"embeddable":true,"href":"https:\/\/cdnoticias.com\/index.php\/wp-json\/wp\/v2\/users\/4"}],"replies":[{"embeddable":true,"href":"https:\/\/cdnoticias.com\/index.php\/wp-json\/wp\/v2\/comments?post=151425"}],"version-history":[{"count":0,"href":"https:\/\/cdnoticias.com\/index.php\/wp-json\/wp\/v2\/posts\/151425\/revisions"}],"wp:featuredmedia":[{"embeddable":true,"href":"https:\/\/cdnoticias.com\/index.php\/wp-json\/wp\/v2\/media\/151426"}],"wp:attachment":[{"href":"https:\/\/cdnoticias.com\/index.php\/wp-json\/wp\/v2\/media?parent=151425"}],"wp:term":[{"taxonomy":"category","embeddable":true,"href":"https:\/\/cdnoticias.com\/index.php\/wp-json\/wp\/v2\/categories?post=151425"},{"taxonomy":"post_tag","embeddable":true,"href":"https:\/\/cdnoticias.com\/index.php\/wp-json\/wp\/v2\/tags?post=151425"}],"curies":[{"name":"wp","href":"https:\/\/api.w.org\/{rel}","templated":true}]}}