{"id":151369,"date":"2025-02-09T20:31:45","date_gmt":"2025-02-09T23:31:45","guid":{"rendered":"https:\/\/cdnoticias.com\/?p=151369"},"modified":"2025-02-10T08:33:17","modified_gmt":"2025-02-10T11:33:17","slug":"vamox-la-aplicacion-aun-no-funciona-en-olavarria-pero-ya-tenemos-choferes-registrados-de-la-ciudad","status":"publish","type":"post","link":"https:\/\/cdnoticias.com\/index.php\/2025\/02\/09\/vamox-la-aplicacion-aun-no-funciona-en-olavarria-pero-ya-tenemos-choferes-registrados-de-la-ciudad\/","title":{"rendered":"\u201cVamox\u201d : \u201cla aplicaci\u00f3n a\u00fan no funciona en Olavarr\u00eda pero ya tenemos choferes registrados de la ciudad\u201d"},"content":{"rendered":"\n<p>La app similar a Uber o Cabify que fue presentada como proyecto en julio del a\u00f1o pasado por parte de estudiantes de UNICEN comenz\u00f3 a funcionar en Tandil. A\u00fan se espera su funcionamiento en nuestra ciudad, en Azul y en Balcarce.\u00a0<\/p>\n\n\n\n<hr class=\"wp-block-separator aligncenter has-alpha-channel-opacity\"\/>\n\n\n\n<p><strong>Estudiantes de UNICEN <\/strong>de las carreras Ingenier\u00eda en Sistemas, Tecnicatura Universitaria en Desarrollo de Aplicaciones Inform\u00e1ticas y Contadur\u00eda <strong>desarrollaron un proyecto en julio de 2024 en relaci\u00f3n a las aplicaciones de transporte.\u00a0<\/strong>La creaci\u00f3n de <strong>\u201cVamox\u201d es una app similar a Uber o Cabify <\/strong>la cual <a href=\"https:\/\/cdnoticias.com\/index.php\/2024\/07\/22\/vamox-proponen-una-nueva-aplicacion-de-transporte-para-olavarria\/\" target=\"_blank\" rel=\"noreferrer noopener\">contacta al usuario directamente con el chofer. <\/a><\/p>\n\n\n\n<p><\/p>\n\n\n\n<p><strong><em>Central de Noticias<\/em><\/strong> dialog\u00f3 con <strong>Mauro Galv\u00e1n, <\/strong>uno de los<strong> creadores del proyecto <\/strong>quien cont\u00f3 con gran alegr\u00eda que <strong>la app fue lanzada en Tandil el pasado 24 de diciembre.<\/strong><\/p>\n\n\n\n<p><\/p>\n\n\n\n<blockquote class=\"wp-block-quote is-layout-flow wp-block-quote-is-layout-flow\">\n<p>\u201cAl momento hay m\u00e1s de 20 taxistas que ya est\u00e1n registrados y trabajando y vamos 540 usuarios m\u00e1s o menos aproximadamente en este primer mes\u201d cont\u00f3. <\/p>\n<\/blockquote>\n\n\n\n<p><\/p>\n\n\n\n<p>En relaci\u00f3n a los<strong> usuarios<\/strong>, Galv\u00e1n sostuvo que <strong>\u201cse han acostumbrado super bien. Nosotros hicimos la aplicaci\u00f3n pensando en lo que la gente ya conoce, entonces es m\u00e1s familiar este tipo de app. Hacemos todo lo posible para que sea entendible\u201d.\u00a0<\/strong><\/p>\n\n\n\n<p><\/p>\n\n\n\n<figure class=\"wp-block-image aligncenter size-full\"><img data-recalc-dims=\"1\" loading=\"lazy\" decoding=\"async\" width=\"800\" height=\"482\" src=\"https:\/\/i0.wp.com\/cdnoticias.com\/wp-content\/uploads\/2024\/07\/remis-taxi.png?resize=800%2C482&#038;ssl=1\" alt=\"\" class=\"wp-image-121214\" srcset=\"https:\/\/i0.wp.com\/cdnoticias.com\/wp-content\/uploads\/2024\/07\/remis-taxi.png?w=855&amp;ssl=1 855w, https:\/\/i0.wp.com\/cdnoticias.com\/wp-content\/uploads\/2024\/07\/remis-taxi.png?resize=300%2C181&amp;ssl=1 300w, https:\/\/i0.wp.com\/cdnoticias.com\/wp-content\/uploads\/2024\/07\/remis-taxi.png?resize=768%2C463&amp;ssl=1 768w\" sizes=\"auto, (max-width: 800px) 100vw, 800px\" \/><\/figure>\n\n\n\n<p><\/p>\n\n\n\n<p>Sobre el <strong>funcionamiento de la app, la cual es gratuita,<\/strong> Galv\u00e1n cont\u00f3 que \u201c<em>hasta el momento est\u00e1 en Android. Dentro de poco ya va a estar en iOS. Para pedir un auto hay que descargarla, se tienen que registrar y despu\u00e9s poner el origen y destino para poder ver los autos que est\u00e1n disponibles en el momento\u201d.<\/em><\/p>\n\n\n\n<p><\/p>\n\n\n\n<p>\u201cLo solicitan y el ch\u00f3fer decide si aceptar o rechazar la solicitud. Se puede ver el recorrido en tiempo real y la aplicaci\u00f3n te muestra a qu\u00e9 distancia est\u00e1 en kil\u00f3metros, en cu\u00e1nto tiempo va a llegar el auto, el tiempo del recorrido y tambi\u00e9n un costo aproximado\u201d agreg\u00f3.\u00a0<\/p>\n\n\n\n<p><\/p>\n\n\n\n<p class=\"has-medium-font-size\"><strong>\u00bfCu\u00e1ndo llega la app a Olavarr\u00eda?<\/strong><\/p>\n\n\n\n<p>Galv\u00e1n explic\u00f3 que \u201c<strong><em>en Olavarr\u00eda se avanz\u00f3 bastante, ahora estaba en comisi\u00f3n econ\u00f3mica. Estamos esperando una respuesta formal. Esperamos que todo est\u00e9 acorde y que nos puedan tomar como una agencia virtual para poder estar legalmente, funcionar y poder registrar choferes, que es lo que nosotros m\u00e1s quer\u00edamos\u201d.\u00a0<\/em><\/strong><\/p>\n\n\n\n<p><\/p>\n\n\n\n<p>Asimismo, agreg\u00f3 que \u201cno queremos una agencia f\u00edsica como tal porque la idea es bajarle el costo a los choferes. Esto te permite poder funcionar sin tener un local, que hoy en d\u00eda no es tan barato\u201d.\u00a0<\/p>\n\n\n\n<p><\/p>\n\n\n\n<blockquote class=\"wp-block-quote is-layout-flow wp-block-quote-is-layout-flow\">\n<p>\u201cNosotros estamos a la expectativa, tambi\u00e9n la gente de la ciudad. Hemos visto que se empezaron a registrar usuarios de Olavarr\u00eda. Adem\u00e1s, la aplicaci\u00f3n a\u00fan no funciona en Olavarr\u00eda pero ya tenemos choferes registrados de la ciudad. Hasta el momento vamos 20 choferes.\u201d remarc\u00f3 uno de los creadores.\u00a0<\/p>\n<\/blockquote>\n\n\n\n<p><\/p>\n\n\n\n<figure class=\"wp-block-image aligncenter size-full\"><img data-recalc-dims=\"1\" loading=\"lazy\" decoding=\"async\" width=\"640\" height=\"360\" src=\"https:\/\/i0.wp.com\/cdnoticias.com\/wp-content\/uploads\/2024\/07\/app-celular-taaxi.webp?resize=640%2C360&#038;ssl=1\" alt=\"\" class=\"wp-image-121213\" srcset=\"https:\/\/i0.wp.com\/cdnoticias.com\/wp-content\/uploads\/2024\/07\/app-celular-taaxi.webp?w=640&amp;ssl=1 640w, https:\/\/i0.wp.com\/cdnoticias.com\/wp-content\/uploads\/2024\/07\/app-celular-taaxi.webp?resize=300%2C169&amp;ssl=1 300w\" sizes=\"auto, (max-width: 640px) 100vw, 640px\" \/><\/figure>\n\n\n\n<p><\/p>\n\n\n\n<p>Sobre los choferes, Galv\u00e1n indic\u00f3 que \u201c<strong>nos mandan mensajes a ver cu\u00e1ndo vamos a estar en Olavarr\u00eda pero ya no depende de nosotros, depende de que nos den una respuesta. Sabemos que el Concejo est\u00e1 trabajado pero falta un poco todav\u00eda\u201d.<\/strong>\u00a0<\/p>\n\n\n\n<p><\/p>\n\n\n\n<p>\u201cLas veces que nosotros nos hemos comunicado nos han respondido. Esperamos que se acelere el proceso para no seguir haciendo esperar a la gente\u201d agreg\u00f3.&nbsp;<\/p>\n\n\n\n<p><\/p>\n\n\n\n<blockquote class=\"wp-block-quote is-layout-flow wp-block-quote-is-layout-flow\">\n<p>De acuerdo a las expectativas de los estudiantes, expresaron que \u201ctenemos ganas de estar en las distintas ciudades porque vemos que a la gente le gusta y le interesa. Eso es lo que a nosotros nos gusta tambi\u00e9n. La aplicaci\u00f3n est\u00e1 hecha para ayudar y para que sea un poco m\u00e1s f\u00e1cil conseguir un auto que por ah\u00ed ahora es medio complicado\u201d dijo Galv\u00e1n.\u00a0<\/p>\n<\/blockquote>\n\n\n\n<p><\/p>\n\n\n\n<p>Por \u00faltimo, <strong>las ciudades de Azul y Balcarce tambi\u00e9n siguen en espera<\/strong>: \u201c<em>En Azul hemos presentado el proyecto tambi\u00e9n. Ahora en febrero van a empezar a trabajar porque la ordenanza de Azul es un poco m\u00e1s antigua que la del resto, pero la respuesta fue positiva\u201d.\u00a0<\/em><\/p>\n\n\n\n<p><\/p>\n\n\n\n<p><em>\u201cEn Balcarce todav\u00eda est\u00e1 bastante estancado. No hubo avance para nada desde el gobierno. Estamos tratando de conseguir alguien que nos apoye desde el Concejo Deliberante\u201d <\/em>cerr\u00f3 Galv\u00e1n.<\/p>\n\n\n\n<p><\/p>\n","protected":false},"excerpt":{"rendered":"<p>La app similar a Uber o Cabify que fue presentada como proyecto en julio del a\u00f1o pasado por parte de<\/p>\n","protected":false},"author":6,"featured_media":121215,"comment_status":"closed","ping_status":"closed","sticky":false,"template":"","format":"standard","meta":{"_jetpack_memberships_contains_paid_content":false,"footnotes":""},"categories":[5,1],"tags":[],"class_list":["post-151369","post","type-post","status-publish","format-standard","has-post-thumbnail","hentry","category-informacion-general","category-portada"],"jetpack_featured_media_url":"https:\/\/i0.wp.com\/cdnoticias.com\/wp-content\/uploads\/2024\/07\/remis-celular.webp?fit=600%2C306&ssl=1","jetpack_sharing_enabled":true,"_links":{"self":[{"href":"https:\/\/cdnoticias.com\/index.php\/wp-json\/wp\/v2\/posts\/151369","targetHints":{"allow":["GET"]}}],"collection":[{"href":"https:\/\/cdnoticias.com\/index.php\/wp-json\/wp\/v2\/posts"}],"about":[{"href":"https:\/\/cdnoticias.com\/index.php\/wp-json\/wp\/v2\/types\/post"}],"author":[{"embeddable":true,"href":"https:\/\/cdnoticias.com\/index.php\/wp-json\/wp\/v2\/users\/6"}],"replies":[{"embeddable":true,"href":"https:\/\/cdnoticias.com\/index.php\/wp-json\/wp\/v2\/comments?post=151369"}],"version-history":[{"count":0,"href":"https:\/\/cdnoticias.com\/index.php\/wp-json\/wp\/v2\/posts\/151369\/revisions"}],"wp:featuredmedia":[{"embeddable":true,"href":"https:\/\/cdnoticias.com\/index.php\/wp-json\/wp\/v2\/media\/121215"}],"wp:attachment":[{"href":"https:\/\/cdnoticias.com\/index.php\/wp-json\/wp\/v2\/media?parent=151369"}],"wp:term":[{"taxonomy":"category","embeddable":true,"href":"https:\/\/cdnoticias.com\/index.php\/wp-json\/wp\/v2\/categories?post=151369"},{"taxonomy":"post_tag","embeddable":true,"href":"https:\/\/cdnoticias.com\/index.php\/wp-json\/wp\/v2\/tags?post=151369"}],"curies":[{"name":"wp","href":"https:\/\/api.w.org\/{rel}","templated":true}]}}