{"id":151364,"date":"2025-02-09T15:08:57","date_gmt":"2025-02-09T18:08:57","guid":{"rendered":"https:\/\/cdnoticias.com\/?p=151364"},"modified":"2025-02-09T20:32:33","modified_gmt":"2025-02-09T23:32:33","slug":"buscan-a-un-hombre-desaparecido-en-olavarria","status":"publish","type":"post","link":"https:\/\/cdnoticias.com\/index.php\/2025\/02\/09\/buscan-a-un-hombre-desaparecido-en-olavarria\/","title":{"rendered":"Buscan a un hombre desaparecido en Olavarr\u00eda"},"content":{"rendered":"<p>Se fue de su casa este s\u00e1bado en su auto VW Gol dorado. Desde la Comisar\u00eda Primera se difundi\u00f3 la b\u00fasqueda y se pidi\u00f3 informaci\u00f3n a la comunidad.<!--more--><\/p>\n<hr \/>\n<p>Desde la <strong>Comisar\u00eda Primera<\/strong> se difundi\u00f3 la <strong>b\u00fasqueda de un hombre desaparecido<\/strong> y se pidi\u00f3 <strong>informaci\u00f3n a la comunidad<\/strong> de Olavarr\u00eda para hallarlo.<\/p>\n<blockquote><p>La madre de Facundo Heffner, de 37 a\u00f1os, denunci\u00f3 que sali\u00f3 de su hogar este s\u00e1bado en horas de la madrugada en su auto VW Gol dorado.<\/p><\/blockquote>\n<p>Es de contextura f\u00edsica delgada, de 1,70 metros de altura, tez trigue\u00f1a, cabello casta\u00f1o oscuro, ojos de color marr\u00f3n, posee cicatriz en cabeza lado derecho, barba. Al momento de retirarse vest\u00eda remera color azul y ojotas color negra.<\/p>\n<p>Se solicit\u00f3 a la comunidad que cualquier informaci\u00f3n que puedan brindar al respecto se acerque a la<strong> Comisar\u00eda Primera de Olavarr\u00eda, en calle Belgrano 2439<\/strong>, o a la <strong>Sub DDI Olavarr\u00eda, sita en Rivadavia 1338<\/strong>. Los tel\u00e9fonos son de Comisaria Primera <strong>423968<\/strong> y de Sub DDI <strong>431065<\/strong>, o al <strong>911<\/strong>.<\/p>\n<p>Las actuaciones tramitan bajo la car\u00e1tula<strong> \u201caveriguaci\u00f3n de paradero\u201d<\/strong> con intervenci\u00f3n de la UFI N\u00ba 7 a cargo del fiscal Christian Urlezaga.<\/p>\n","protected":false},"excerpt":{"rendered":"<p>Se fue de su casa este s\u00e1bado en su auto VW Gol dorado. Desde la Comisar\u00eda Primera se difundi\u00f3 la<\/p>\n","protected":false},"author":4,"featured_media":151365,"comment_status":"closed","ping_status":"closed","sticky":false,"template":"","format":"standard","meta":{"_jetpack_memberships_contains_paid_content":false,"footnotes":""},"categories":[14,1],"tags":[],"class_list":["post-151364","post","type-post","status-publish","format-standard","has-post-thumbnail","hentry","category-policiales","category-portada"],"jetpack_featured_media_url":"https:\/\/i0.wp.com\/cdnoticias.com\/wp-content\/uploads\/2025\/02\/FACUNDO-HEFFNER-paradero-00.jpg?fit=1000%2C557&ssl=1","jetpack_sharing_enabled":true,"_links":{"self":[{"href":"https:\/\/cdnoticias.com\/index.php\/wp-json\/wp\/v2\/posts\/151364","targetHints":{"allow":["GET"]}}],"collection":[{"href":"https:\/\/cdnoticias.com\/index.php\/wp-json\/wp\/v2\/posts"}],"about":[{"href":"https:\/\/cdnoticias.com\/index.php\/wp-json\/wp\/v2\/types\/post"}],"author":[{"embeddable":true,"href":"https:\/\/cdnoticias.com\/index.php\/wp-json\/wp\/v2\/users\/4"}],"replies":[{"embeddable":true,"href":"https:\/\/cdnoticias.com\/index.php\/wp-json\/wp\/v2\/comments?post=151364"}],"version-history":[{"count":0,"href":"https:\/\/cdnoticias.com\/index.php\/wp-json\/wp\/v2\/posts\/151364\/revisions"}],"wp:featuredmedia":[{"embeddable":true,"href":"https:\/\/cdnoticias.com\/index.php\/wp-json\/wp\/v2\/media\/151365"}],"wp:attachment":[{"href":"https:\/\/cdnoticias.com\/index.php\/wp-json\/wp\/v2\/media?parent=151364"}],"wp:term":[{"taxonomy":"category","embeddable":true,"href":"https:\/\/cdnoticias.com\/index.php\/wp-json\/wp\/v2\/categories?post=151364"},{"taxonomy":"post_tag","embeddable":true,"href":"https:\/\/cdnoticias.com\/index.php\/wp-json\/wp\/v2\/tags?post=151364"}],"curies":[{"name":"wp","href":"https:\/\/api.w.org\/{rel}","templated":true}]}}