{"id":151359,"date":"2025-02-09T14:30:24","date_gmt":"2025-02-09T17:30:24","guid":{"rendered":"https:\/\/cdnoticias.com\/?p=151359"},"modified":"2025-02-09T20:05:04","modified_gmt":"2025-02-09T23:05:04","slug":"alexander-aquila-con-el-gobernador-nacho-torres-y-anuncio-de-candidatura","status":"publish","type":"post","link":"https:\/\/cdnoticias.com\/index.php\/2025\/02\/09\/alexander-aquila-con-el-gobernador-nacho-torres-y-anuncio-de-candidatura\/","title":{"rendered":"Alexander Aquila, con el gobernador Nacho Torres y anuncio de candidatura"},"content":{"rendered":"<p>Es primer candidato a concejal del a\u00f1o electoral en Olavarr\u00eda. \u201cTuve la oportunidad de compartirle las ideas en materia de infraestructura y seguridad\u201d dijo Aquila.<!--more--><\/p>\n<hr \/>\n<p>El <strong>abogado Alexander Aquila<\/strong> se reuni\u00f3 d\u00edas pasados con el <strong>gobernador de Chubut, Nacho Torres<\/strong>, y anunci\u00f3 su <strong>candidatura local.<\/strong><\/p>\n<p>En sus redes sociales inform\u00f3 del encuentro con el mandatario patag\u00f3nico, quien es uno de los <strong>referentes del Pro <\/strong>y quien impulsa la<strong> agrupaci\u00f3n Fuerzas del Sur.<\/strong><\/p>\n<blockquote><p>\u201cTuve la oportunidad de compartirle las ideas en materia de infraestructura y seguridad que pienso impulsar en Olavarr\u00eda si los vecinos me eligen para representarlos en el Concejo Deliberante en las pr\u00f3ximas elecciones Le coment\u00e9 especialmente mi preocupaci\u00f3n por la falta de cloacas y servicios b\u00e1sicos en nuestra ciudad\u201d dijo Aquila.<\/p><\/blockquote>\n<p><img data-recalc-dims=\"1\" loading=\"lazy\" decoding=\"async\" class=\"size-full wp-image-151361 aligncenter\" src=\"https:\/\/i0.wp.com\/cdnoticias.com\/wp-content\/uploads\/2025\/02\/aquila-torres-00a.jpg?resize=800%2C490&#038;ssl=1\" alt=\"\" width=\"800\" height=\"490\" srcset=\"https:\/\/i0.wp.com\/cdnoticias.com\/wp-content\/uploads\/2025\/02\/aquila-torres-00a.jpg?w=1000&amp;ssl=1 1000w, https:\/\/i0.wp.com\/cdnoticias.com\/wp-content\/uploads\/2025\/02\/aquila-torres-00a.jpg?resize=300%2C184&amp;ssl=1 300w, https:\/\/i0.wp.com\/cdnoticias.com\/wp-content\/uploads\/2025\/02\/aquila-torres-00a.jpg?resize=768%2C470&amp;ssl=1 768w\" sizes=\"auto, (max-width: 800px) 100vw, 800px\" \/><\/p>\n<p>A su vez cont\u00f3 que <strong>\u201cconversamos e intercambiamos ideas sobre el rol del estado en materia productiva<\/strong> y nos cont\u00f3 c\u00f3mo est\u00e1 creciendo la producci\u00f3n en Chubut a partir del empuje de los productores locales y el apoyo permanente del gobierno\u201d.<\/p>\n<p>Con sus declaraciones, el abogado<strong> Alexander Aquila se convirti\u00f3 en el primer candidato a concejal del a\u00f1o electoral en Olavarr\u00eda<\/strong>.<\/p>\n","protected":false},"excerpt":{"rendered":"<p>Es primer candidato a concejal del a\u00f1o electoral en Olavarr\u00eda. \u201cTuve la oportunidad de compartirle las ideas en materia de<\/p>\n","protected":false},"author":4,"featured_media":151360,"comment_status":"closed","ping_status":"closed","sticky":false,"template":"","format":"standard","meta":{"_jetpack_memberships_contains_paid_content":false,"footnotes":""},"categories":[4,1],"tags":[],"class_list":["post-151359","post","type-post","status-publish","format-standard","has-post-thumbnail","hentry","category-politica","category-portada"],"jetpack_featured_media_url":"https:\/\/i0.wp.com\/cdnoticias.com\/wp-content\/uploads\/2025\/02\/aquila-torres-01a.jpg?fit=1000%2C556&ssl=1","jetpack_sharing_enabled":true,"_links":{"self":[{"href":"https:\/\/cdnoticias.com\/index.php\/wp-json\/wp\/v2\/posts\/151359","targetHints":{"allow":["GET"]}}],"collection":[{"href":"https:\/\/cdnoticias.com\/index.php\/wp-json\/wp\/v2\/posts"}],"about":[{"href":"https:\/\/cdnoticias.com\/index.php\/wp-json\/wp\/v2\/types\/post"}],"author":[{"embeddable":true,"href":"https:\/\/cdnoticias.com\/index.php\/wp-json\/wp\/v2\/users\/4"}],"replies":[{"embeddable":true,"href":"https:\/\/cdnoticias.com\/index.php\/wp-json\/wp\/v2\/comments?post=151359"}],"version-history":[{"count":0,"href":"https:\/\/cdnoticias.com\/index.php\/wp-json\/wp\/v2\/posts\/151359\/revisions"}],"wp:featuredmedia":[{"embeddable":true,"href":"https:\/\/cdnoticias.com\/index.php\/wp-json\/wp\/v2\/media\/151360"}],"wp:attachment":[{"href":"https:\/\/cdnoticias.com\/index.php\/wp-json\/wp\/v2\/media?parent=151359"}],"wp:term":[{"taxonomy":"category","embeddable":true,"href":"https:\/\/cdnoticias.com\/index.php\/wp-json\/wp\/v2\/categories?post=151359"},{"taxonomy":"post_tag","embeddable":true,"href":"https:\/\/cdnoticias.com\/index.php\/wp-json\/wp\/v2\/tags?post=151359"}],"curies":[{"name":"wp","href":"https:\/\/api.w.org\/{rel}","templated":true}]}}