{"id":151344,"date":"2025-02-09T10:09:23","date_gmt":"2025-02-09T13:09:23","guid":{"rendered":"https:\/\/cdnoticias.com\/?p=151344"},"modified":"2025-02-09T10:09:27","modified_gmt":"2025-02-09T13:09:27","slug":"lorenzo-monastra-q-e-p-d","status":"publish","type":"post","link":"https:\/\/cdnoticias.com\/index.php\/2025\/02\/09\/lorenzo-monastra-q-e-p-d\/","title":{"rendered":"Lorenzo Monastra (Q.E.P.D.)"},"content":{"rendered":"<p>Falleci\u00f3 en Olavarr\u00eda el d\u00eda 9 de Febrero de 2025 a los 97 a\u00f1os de edad.<\/p>\n<p>Sus hijas Teresa y Nelly Monastra. Sus nietos Fernando, Dami\u00e1n, Facundo y Santiago. Su nieta pol\u00edtica Mar\u00eda Eugenia. Sus bisnietos Lorenzo, Guiliano, Donato y Dominga; y dem\u00e1s deudos participan su fallecimiento.<\/p>\n<p>Velatorio: Espa\u00f1a 2942, Departamento &#8220;B&#8221;. El velatorio comienza este domingo a las 20 horas, cierra a las 23 horas y reabre este lunes a las 8 horas. Responso: Capilla Ardiente. Inhumaci\u00f3n: Cementerio Loma de Paz, lunes 10 de febrero a las 10:30 horas. Servicio adherido a Coopelectric.<\/p>\n<p>Vecino de Microcentro.<\/p>\n<p>Nacido en San Marco D&#8217;alunzio. <\/p>\n<p>Actividad que desarrollaba: Jubilado de la F\u00e1brica Loma Negra.<\/p>\n","protected":false},"excerpt":{"rendered":"<p>Falleci\u00f3 en Olavarr\u00eda el d\u00eda 9 de Febrero de 2025 a los 97 a\u00f1os de edad. Sus hijas Teresa y<\/p>\n","protected":false},"author":4,"featured_media":51544,"comment_status":"closed","ping_status":"closed","sticky":false,"template":"","format":"standard","meta":{"_jetpack_memberships_contains_paid_content":false,"footnotes":""},"categories":[10],"tags":[],"class_list":["post-151344","post","type-post","status-publish","format-standard","has-post-thumbnail","hentry","category-necrologicas"],"jetpack_featured_media_url":"https:\/\/i0.wp.com\/cdnoticias.com\/wp-content\/uploads\/2022\/04\/necrologicas-390-x-240.jpg?fit=390%2C240&ssl=1","jetpack_sharing_enabled":true,"_links":{"self":[{"href":"https:\/\/cdnoticias.com\/index.php\/wp-json\/wp\/v2\/posts\/151344","targetHints":{"allow":["GET"]}}],"collection":[{"href":"https:\/\/cdnoticias.com\/index.php\/wp-json\/wp\/v2\/posts"}],"about":[{"href":"https:\/\/cdnoticias.com\/index.php\/wp-json\/wp\/v2\/types\/post"}],"author":[{"embeddable":true,"href":"https:\/\/cdnoticias.com\/index.php\/wp-json\/wp\/v2\/users\/4"}],"replies":[{"embeddable":true,"href":"https:\/\/cdnoticias.com\/index.php\/wp-json\/wp\/v2\/comments?post=151344"}],"version-history":[{"count":0,"href":"https:\/\/cdnoticias.com\/index.php\/wp-json\/wp\/v2\/posts\/151344\/revisions"}],"wp:featuredmedia":[{"embeddable":true,"href":"https:\/\/cdnoticias.com\/index.php\/wp-json\/wp\/v2\/media\/51544"}],"wp:attachment":[{"href":"https:\/\/cdnoticias.com\/index.php\/wp-json\/wp\/v2\/media?parent=151344"}],"wp:term":[{"taxonomy":"category","embeddable":true,"href":"https:\/\/cdnoticias.com\/index.php\/wp-json\/wp\/v2\/categories?post=151344"},{"taxonomy":"post_tag","embeddable":true,"href":"https:\/\/cdnoticias.com\/index.php\/wp-json\/wp\/v2\/tags?post=151344"}],"curies":[{"name":"wp","href":"https:\/\/api.w.org\/{rel}","templated":true}]}}