{"id":151336,"date":"2025-02-09T10:10:47","date_gmt":"2025-02-09T13:10:47","guid":{"rendered":"https:\/\/cdnoticias.com\/?p=151336"},"modified":"2025-02-09T14:30:58","modified_gmt":"2025-02-09T17:30:58","slug":"dos-detenidos-por-un-asalto","status":"publish","type":"post","link":"https:\/\/cdnoticias.com\/index.php\/2025\/02\/09\/dos-detenidos-por-un-asalto\/","title":{"rendered":"Dos detenidos por un asalto"},"content":{"rendered":"<p>El hecho ocurri\u00f3 el domingo 2 de febrero. Los hombres de 30 y 27 a\u00f1os est\u00e1n imputados por \u201crobo agravado por el uso de arma blanca\u201d.<!--more--><\/p>\n<hr \/>\n<p>Desde la <strong>Comisar\u00eda Segunda<\/strong> se inform\u00f3 que <strong>dos hombres<\/strong> fueron<strong> detenidos<\/strong> por un<strong> asalto registrado el domingo 2 de febrero<\/strong>.<\/p>\n<p>La orden de detenci\u00f3n fue dictada por el <strong>Juzgado de Garant\u00edas N\u00ba 2 local<\/strong>. En ese marco, los efectivos del Gabinete T\u00e1ctico Operativo se presentaron en una vivienda de <strong>Col\u00f3n al 4700<\/strong> donde fueron detenidos los <strong>acusados de 30 y 27 a\u00f1os<\/strong>.<\/p>\n<blockquote><p>Fueron apuntados por un hecho de \u201crobo agravado por el uso de arma blanca\u201d que investiga la UFI N\u00b0 7.<\/p><\/blockquote>\n<p>Los imputados fueron <strong>traslados a la sede de Comisar\u00eda Segunda<\/strong> donde permanecer\u00e1n alojados.<\/p>\n","protected":false},"excerpt":{"rendered":"<p>El hecho ocurri\u00f3 el domingo 2 de febrero. Los hombres de 30 y 27 a\u00f1os est\u00e1n imputados por \u201crobo agravado<\/p>\n","protected":false},"author":4,"featured_media":151337,"comment_status":"closed","ping_status":"closed","sticky":false,"template":"","format":"standard","meta":{"_jetpack_memberships_contains_paid_content":false,"footnotes":""},"categories":[14,1],"tags":[],"class_list":["post-151336","post","type-post","status-publish","format-standard","has-post-thumbnail","hentry","category-policiales","category-portada"],"jetpack_featured_media_url":"https:\/\/i0.wp.com\/cdnoticias.com\/wp-content\/uploads\/2025\/02\/colon-4700-asalto.jpg?fit=900%2C500&ssl=1","jetpack_sharing_enabled":true,"_links":{"self":[{"href":"https:\/\/cdnoticias.com\/index.php\/wp-json\/wp\/v2\/posts\/151336","targetHints":{"allow":["GET"]}}],"collection":[{"href":"https:\/\/cdnoticias.com\/index.php\/wp-json\/wp\/v2\/posts"}],"about":[{"href":"https:\/\/cdnoticias.com\/index.php\/wp-json\/wp\/v2\/types\/post"}],"author":[{"embeddable":true,"href":"https:\/\/cdnoticias.com\/index.php\/wp-json\/wp\/v2\/users\/4"}],"replies":[{"embeddable":true,"href":"https:\/\/cdnoticias.com\/index.php\/wp-json\/wp\/v2\/comments?post=151336"}],"version-history":[{"count":0,"href":"https:\/\/cdnoticias.com\/index.php\/wp-json\/wp\/v2\/posts\/151336\/revisions"}],"wp:featuredmedia":[{"embeddable":true,"href":"https:\/\/cdnoticias.com\/index.php\/wp-json\/wp\/v2\/media\/151337"}],"wp:attachment":[{"href":"https:\/\/cdnoticias.com\/index.php\/wp-json\/wp\/v2\/media?parent=151336"}],"wp:term":[{"taxonomy":"category","embeddable":true,"href":"https:\/\/cdnoticias.com\/index.php\/wp-json\/wp\/v2\/categories?post=151336"},{"taxonomy":"post_tag","embeddable":true,"href":"https:\/\/cdnoticias.com\/index.php\/wp-json\/wp\/v2\/tags?post=151336"}],"curies":[{"name":"wp","href":"https:\/\/api.w.org\/{rel}","templated":true}]}}