{"id":151329,"date":"2025-02-08T20:49:40","date_gmt":"2025-02-08T23:49:40","guid":{"rendered":"https:\/\/cdnoticias.com\/?p=151329"},"modified":"2025-02-09T12:38:04","modified_gmt":"2025-02-09T15:38:04","slug":"este-sabado-el-pico-de-temperatura-de-la-temporada-en-olavarria","status":"publish","type":"post","link":"https:\/\/cdnoticias.com\/index.php\/2025\/02\/08\/este-sabado-el-pico-de-temperatura-de-la-temporada-en-olavarria\/","title":{"rendered":"Este s\u00e1bado, el pico de temperatura de la temporada en Olavarr\u00eda"},"content":{"rendered":"<p>La m\u00e1xima lleg\u00f3 a 36\u00ba, como estaba pronosticado por el SMN. La ola de calor sigue en el centro de la provincia.<!--more--><\/p>\n<hr \/>\n<p>Este <strong>s\u00e1bado<\/strong> se registr\u00f3 el <strong>pico de temperatura<\/strong> de la temporada de verano <strong>en Olavarr\u00eda<\/strong> en medio de una <a href=\"https:\/\/cdnoticias.com\/index.php\/2025\/02\/07\/podria-darse-una-nueva-ola-de-calor-en-el-centro-del-pais\/\" target=\"_blank\" rel=\"noopener\">nueva ola de calor que afecta a la franja central del pa\u00eds<\/a>.<\/p>\n<blockquote><p>La Unidad Meteorol\u00f3gica local inform\u00f3 que la marca m\u00e1xima de este s\u00e1bado 8 de febrero fue de 36\u00ba a las 15.20. La marca hab\u00eda sido pronosticada por el Servicio Meteorol\u00f3gico Nacional (SMN).<\/p><\/blockquote>\n<p>La jornada estuvo marcada por el <strong>calor<\/strong> y por el<strong> viento<\/strong> durante la tarde que sopl\u00f3 del sud-sudeste a 40 km\/h con r\u00e1fagas de hasta 57 km\/h. La temperatura m\u00ednima del d\u00eda se dio a las 2.30 de la madrugada y fue a las 17,2\u00ba.<\/p>\n<p>Siempre en base datos publicados por la Unidad Meteorol\u00f3gica ubicada en el aer\u00f3dromo,<strong> la marca m\u00e1s alta de este s\u00e1bado <a href=\"https:\/\/cdnoticias.com\/index.php\/2025\/01\/15\/ola-de-calor-en-olavarria-el-miercoles-marco-35-8-a-las-1630-horas\/\" target=\"_blank\" rel=\"noopener\">super\u00f3 a los 35,8\u00ba que se registraron el mi\u00e9rcoles 15 de enero<\/a> <\/strong>y hab\u00eda sido la m\u00e1xima de la temporada. En la primera ola de calor del verano, que se dio en aquellos d\u00edas, el 14 de enero se hab\u00edan registrado 35,2\u00ba y el <a href=\"https:\/\/cdnoticias.com\/index.php\/2025\/01\/13\/ola-de-calor-en-olavarria-el-pico-de-temperatura-de-este-lunes-fue-de-34-5\/\" target=\"_blank\" rel=\"noopener\">lunes 13 de enero lleg\u00f3 a 34,5\u00ba<\/a>. En tanto el jueves 23 de enero la m\u00e1xima lleg\u00f3 a 35,6\u00ba.<\/p>\n<p>La ola de calor no cesa: <strong>para este domingo, el SMN prev\u00e9 para Olavarr\u00eda una m\u00e1xima de 33\u00ba y para el lunes, de 38\u00ba<\/strong>. A partir del martes se espera una baja considerable de las marcas m\u00e1ximas de temperatura.<\/p>\n<blockquote class=\"wp-embedded-content\" data-secret=\"mrP0f22nPM\"><p><a href=\"https:\/\/cdnoticias.com\/index.php\/2025\/01\/31\/desde-coopelectric-se-solicito-a-los-vecinos-hacer-un-uso-racional-del-agua-y-la-energia\/\">Desde Coopelectric se solicit\u00f3 a los vecinos hacer un uso racional del agua y la energ\u00eda\u00a0<\/a><\/p><\/blockquote>\n<p><iframe loading=\"lazy\" class=\"wp-embedded-content\" sandbox=\"allow-scripts\" security=\"restricted\" style=\"position: absolute; visibility: hidden;\" title=\"&#8220;Desde Coopelectric se solicit\u00f3 a los vecinos hacer un uso racional del agua y la energ\u00eda\u00a0&#8221; &#8212; Central de Noticias | Olavarr\u00eda\" src=\"https:\/\/cdnoticias.com\/index.php\/2025\/01\/31\/desde-coopelectric-se-solicito-a-los-vecinos-hacer-un-uso-racional-del-agua-y-la-energia\/embed\/#?secret=4nHdTECk5t#?secret=mrP0f22nPM\" data-secret=\"mrP0f22nPM\" width=\"600\" height=\"338\" frameborder=\"0\" marginwidth=\"0\" marginheight=\"0\" scrolling=\"no\"><\/iframe><\/p>\n","protected":false},"excerpt":{"rendered":"<p>La m\u00e1xima lleg\u00f3 a 36\u00ba, como estaba pronosticado por el SMN. La ola de calor sigue en el centro de<\/p>\n","protected":false},"author":4,"featured_media":143944,"comment_status":"closed","ping_status":"closed","sticky":false,"template":"","format":"standard","meta":{"_jetpack_memberships_contains_paid_content":false,"footnotes":""},"categories":[5,1],"tags":[],"class_list":["post-151329","post","type-post","status-publish","format-standard","has-post-thumbnail","hentry","category-informacion-general","category-portada"],"jetpack_featured_media_url":"https:\/\/i0.wp.com\/cdnoticias.com\/wp-content\/uploads\/2025\/01\/escuelas-abiertas-en-verano-pileta-la-maxima-calor-02.jpg?fit=1000%2C556&ssl=1","jetpack_sharing_enabled":true,"_links":{"self":[{"href":"https:\/\/cdnoticias.com\/index.php\/wp-json\/wp\/v2\/posts\/151329","targetHints":{"allow":["GET"]}}],"collection":[{"href":"https:\/\/cdnoticias.com\/index.php\/wp-json\/wp\/v2\/posts"}],"about":[{"href":"https:\/\/cdnoticias.com\/index.php\/wp-json\/wp\/v2\/types\/post"}],"author":[{"embeddable":true,"href":"https:\/\/cdnoticias.com\/index.php\/wp-json\/wp\/v2\/users\/4"}],"replies":[{"embeddable":true,"href":"https:\/\/cdnoticias.com\/index.php\/wp-json\/wp\/v2\/comments?post=151329"}],"version-history":[{"count":0,"href":"https:\/\/cdnoticias.com\/index.php\/wp-json\/wp\/v2\/posts\/151329\/revisions"}],"wp:featuredmedia":[{"embeddable":true,"href":"https:\/\/cdnoticias.com\/index.php\/wp-json\/wp\/v2\/media\/143944"}],"wp:attachment":[{"href":"https:\/\/cdnoticias.com\/index.php\/wp-json\/wp\/v2\/media?parent=151329"}],"wp:term":[{"taxonomy":"category","embeddable":true,"href":"https:\/\/cdnoticias.com\/index.php\/wp-json\/wp\/v2\/categories?post=151329"},{"taxonomy":"post_tag","embeddable":true,"href":"https:\/\/cdnoticias.com\/index.php\/wp-json\/wp\/v2\/tags?post=151329"}],"curies":[{"name":"wp","href":"https:\/\/api.w.org\/{rel}","templated":true}]}}