{"id":15128,"date":"2021-03-02T14:11:48","date_gmt":"2021-03-02T17:11:48","guid":{"rendered":"http:\/\/www.centraldenoticias.com.ar\/?p=15128"},"modified":"2021-03-02T13:18:08","modified_gmt":"2021-03-02T16:18:08","slug":"kicillof-comenzamos-a-construir-el-camino-para-la-solucion-de-los-problemas-estructurales","status":"publish","type":"post","link":"https:\/\/cdnoticias.com\/index.php\/2021\/03\/02\/kicillof-comenzamos-a-construir-el-camino-para-la-solucion-de-los-problemas-estructurales\/","title":{"rendered":"Kicillof: \u201cComenzamos a construir el camino para la soluci\u00f3n de los problemas estructurales\u201d"},"content":{"rendered":"<p>Lo defini\u00f3 el Gobernador en el acto de la 149\u00b0 Apertura de Sesiones ordinarias en la Legislatura. El repaso 2020, la respuestas a las demandas y la proyecci\u00f3n para este a\u00f1o.<!--more--><\/p>\n<hr \/>\n<p>El gobernador de la provincia de Buenos Aires, <strong>Axel Kicillof<\/strong>, destac\u00f3 que <strong>\u201cestamos listos para comenzar una etapa de reparaci\u00f3n y reactivaci\u00f3n que nos permita reconstruir el Estado provincial y ponerlo al servicio de los y las bonaerenses\u201d<\/strong>, al encabezar en la tarde del lunes la <strong>149\u00b0 apertura de sesiones en la Legislatura<\/strong> de la provincia de Buenos Aires.<\/p>\n<p>&nbsp;<\/p>\n<p>Comenz\u00f3 su mensaje con el <strong>agradecimiento \u201cal personal de salud<\/strong> por su heroico trabajo durante la pandemia, lo que nos permiti\u00f3 evitar una tragedia mucho mayor\u201d, al tiempo que ponder\u00f3 \u201cel esfuerzo de <strong>docentes y efectivos de las fuerzas de seguridad<\/strong>, as\u00ed como la enorme solidaridad que mostr\u00f3 todo el pueblo de la Provincia\u201d.<\/p>\n<p>&nbsp;<\/p>\n<p>\u201cGracias al trabajo junto al Gobierno Nacional y los 135 municipios,<strong> logramos poner al sistema sanitario de pie<\/strong> para que a ning\u00fan bonaerense le faltara la asistencia m\u00e9dica necesaria\u201d, sostuvo Kicillof y agreg\u00f3: \u201cHaber contado con un pueblo solidario, un Estado presente y un gobierno protector <strong>nos permiti\u00f3 salvar miles de vidas<\/strong> y contar de ahora en adelante con un sistema de salud fortalecido\u201d.<\/p>\n<p>&nbsp;<\/p>\n<blockquote><p>\u201cEl sistema p\u00fablico ten\u00eda 883 camas de terapia intensiva y hubiera desbordado el 1 de julio, pero hemos aumentado la capacidad hasta las 2.183 camas\u201d, enfatiz\u00f3 Kicillof.<\/p><\/blockquote>\n<p><img data-recalc-dims=\"1\" loading=\"lazy\" decoding=\"async\" class=\"aligncenter wp-image-15130 size-full\" src=\"https:\/\/i0.wp.com\/cdnoticias.com\/wp-content\/uploads\/2021\/03\/Aperturadesesiones2021-00.jpg?resize=800%2C445&#038;ssl=1\" alt=\"\" width=\"800\" height=\"445\" srcset=\"https:\/\/i0.wp.com\/cdnoticias.com\/wp-content\/uploads\/2021\/03\/Aperturadesesiones2021-00.jpg?w=800&amp;ssl=1 800w, https:\/\/i0.wp.com\/cdnoticias.com\/wp-content\/uploads\/2021\/03\/Aperturadesesiones2021-00.jpg?resize=300%2C167&amp;ssl=1 300w, https:\/\/i0.wp.com\/cdnoticias.com\/wp-content\/uploads\/2021\/03\/Aperturadesesiones2021-00.jpg?resize=768%2C427&amp;ssl=1 768w\" sizes=\"auto, (max-width: 800px) 100vw, 800px\" \/><\/p>\n<p>A su vez destac\u00f3 \u201cla compra de 400 toneladas de equipamiento de protecci\u00f3n personal y la puesta en marcha de un sistema de gesti\u00f3n de camas que nos permiti\u00f3 hacer 20 mil derivaciones\u201d. <strong>\u201cSaldremos de la pandemia con un sistema de salud unificado, articulado y listo para atender mejor a los y las bonaerenses\u201d<\/strong>, detall\u00f3.<\/p>\n<p>&nbsp;<\/p>\n<p><strong>Producci\u00f3n<\/strong><\/p>\n<p>&nbsp;<\/p>\n<p>Tambi\u00e9n ponder\u00f3 el <strong>apoyo econ\u00f3mico brindado a productores y peque\u00f1as empresas<\/strong>: \u201cCon ARBA otorgamos beneficios impositivos y modificamos la orientaci\u00f3n del Banco Provincia, que pas\u00f3 de ser parte de un engranaje financiero a ser una instituci\u00f3n al servicio de la producci\u00f3n y el trabajo en la provincia de Buenos Aires\u201d.<\/p>\n<p>&nbsp;<\/p>\n<p>El Gobernador subray\u00f3 que \u201cla provincia es el coraz\u00f3n productivo de la Argentina y nunca dej\u00f3 de producir alimentos e insumos cr\u00edticos para todo el pa\u00eds\u201d, al tiempo que se\u00f1al\u00f3 que \u201cesto fue posible en parte por <strong>el sistema de fases<\/strong> que se estableci\u00f3 para que pudi\u00e9ramos contar siempre con la mayor producci\u00f3n posible\u201d.<\/p>\n<p>&nbsp;<\/p>\n<p>Asimismo, el mandatario provincial se\u00f1al\u00f3 que \u201cla reconstrucci\u00f3n de la Provincia requiere desandar una historia de injusticia vinculada a lo que recibe respecto de los recursos que aporta\u201d. \u201c<strong>Todos tenemos que defender los intereses de la provincia<\/strong> para poder asegurar el cumplimiento de los derechos de nuestra poblaci\u00f3n y para garantizar el bienestar del conjunto de la sociedad\u201d, a\u00f1adi\u00f3.<\/p>\n<p><img data-recalc-dims=\"1\" loading=\"lazy\" decoding=\"async\" class=\"aligncenter wp-image-15132 size-full\" src=\"https:\/\/i0.wp.com\/cdnoticias.com\/wp-content\/uploads\/2021\/03\/Aperturadesesiones2021-02.jpg?resize=800%2C445&#038;ssl=1\" alt=\"\" width=\"800\" height=\"445\" srcset=\"https:\/\/i0.wp.com\/cdnoticias.com\/wp-content\/uploads\/2021\/03\/Aperturadesesiones2021-02.jpg?w=800&amp;ssl=1 800w, https:\/\/i0.wp.com\/cdnoticias.com\/wp-content\/uploads\/2021\/03\/Aperturadesesiones2021-02.jpg?resize=300%2C167&amp;ssl=1 300w, https:\/\/i0.wp.com\/cdnoticias.com\/wp-content\/uploads\/2021\/03\/Aperturadesesiones2021-02.jpg?resize=768%2C427&amp;ssl=1 768w\" sizes=\"auto, (max-width: 800px) 100vw, 800px\" \/><\/p>\n<p>&nbsp;<\/p>\n<blockquote><p>En ese marco, indic\u00f3 que \u201cnos hemos dedicado a atender los problemas coyunturales y a marcar el camino de soluci\u00f3n de los problemas estructurales que llevan muchos a\u00f1os en la provincia de Buenos Aires\u201d.<\/p><\/blockquote>\n<p>&nbsp;<\/p>\n<p>\u201cUna de nuestras primeras acciones fue<strong> impedir que se realizara un aumento en las tarifas de energ\u00eda que hab\u00eda sido programado para el 1 de enero de 2020<\/strong>\u201d, explic\u00f3 el Gobernador y anunci\u00f3: \u201cVamos a desdolarizar definitivamente las tarifas de los servicios p\u00fablicos porque no se puede pagar a valor d\u00f3lar aquello que consumimos en nuestros hogares\u201d.<\/p>\n<p>&nbsp;<\/p>\n<p><strong>Respuestas<\/strong><\/p>\n<p>&nbsp;<\/p>\n<p>Adem\u00e1s, explic\u00f3 que \u201cencontramos un gran abandono en la fuerza de seguridad, que en cuatro a\u00f1os hab\u00eda visto como se perd\u00eda un 26% del poder adquisitivo de sus efectivos\u201d. \u201cAnte el conflicto comenzamos a <strong>responder a un reclamo hist\u00f3rico por equiparar los salarios de los polic\u00edas de la Provincia con los de sus pares de la Polic\u00eda Federal<\/strong>\u201d, a\u00f1adi\u00f3.<\/p>\n<p>&nbsp;<\/p>\n<p>\u201cAnte el problema de acceso a la vivienda, <strong>impulsamos la Unidad de Tierra y Vivienda<\/strong>, que busca dar respuestas de fondo en la construcci\u00f3n de soluciones habitacionales, lotes con servicios y el ordenamiento urbano\u201d, subray\u00f3 el Gobernador. \u201cDurante la pandemia terminamos 1.048 viviendas, pero el desaf\u00edo es potenciar el trabajo para poder dar respuestas a los y las bonaerenses que lo necesitan\u201d, remarc\u00f3.<\/p>\n<p>&nbsp;<\/p>\n<p>Por otra parte, Kicillof valor\u00f3 que <strong>\u201cla violencia de g\u00e9nero sigue siendo un asunto cr\u00edtico y pendiente\u201d<\/strong>. Y agreg\u00f3: \u201cAvanzamos en la implementaci\u00f3n de la Ley Micaela junto con los 135 municipios, pero lo actuado nunca es suficiente. Reafirmamos nuestra decisi\u00f3n de redoblar los esfuerzos y nos comprometemos a lanzar un plan integral para la asistencia y el acompa\u00f1amiento de casos cr\u00edticos\u201d.<\/p>\n<p><img data-recalc-dims=\"1\" loading=\"lazy\" decoding=\"async\" class=\"aligncenter wp-image-15133 size-full\" src=\"https:\/\/i0.wp.com\/cdnoticias.com\/wp-content\/uploads\/2021\/03\/Aperturadesesiones2021-03.jpg?resize=800%2C445&#038;ssl=1\" alt=\"\" width=\"800\" height=\"445\" srcset=\"https:\/\/i0.wp.com\/cdnoticias.com\/wp-content\/uploads\/2021\/03\/Aperturadesesiones2021-03.jpg?w=800&amp;ssl=1 800w, https:\/\/i0.wp.com\/cdnoticias.com\/wp-content\/uploads\/2021\/03\/Aperturadesesiones2021-03.jpg?resize=300%2C167&amp;ssl=1 300w, https:\/\/i0.wp.com\/cdnoticias.com\/wp-content\/uploads\/2021\/03\/Aperturadesesiones2021-03.jpg?resize=768%2C427&amp;ssl=1 768w\" sizes=\"auto, (max-width: 800px) 100vw, 800px\" \/><\/p>\n<p>&nbsp;<\/p>\n<p>Sobre el <strong>ciclo lectivo 2021<\/strong>, afirm\u00f3 que \u201cpor segundo a\u00f1o consecutivo se lleg\u00f3 a un acuerdo paritario con maestros y maestras y pudimos iniciar en tiempo y forma las clases\u201d. \u201cEstamos proponiendo transformaciones de fondo y solo las alcanzaremos si trabajamos junto a la comunidad educativa\u201d, a\u00f1adi\u00f3.<\/p>\n<p>En ese contexto, puntualiz\u00f3 que \u201ccon el<strong> plan Escuelas a la Obra<\/strong> abordamos los problemas estructurales de la infraestructura escolar en los 135 municipios\u201d. \u201cInvertimos 3.538 millones de pesos para 2.960 obras de ampliaci\u00f3n, reacondicionamiento y reparaci\u00f3n, tareas que planificamos y llevamos adelante junto a los municipios y los Consejos Escolares\u201d, dijo.<\/p>\n<p>&nbsp;<\/p>\n<p><strong>Futuro<\/strong><\/p>\n<p>&nbsp;<\/p>\n<p>Respecto a los objetivos principales de cara a los pr\u00f3ximos meses, Kicillof destac\u00f3 que \u201cla esperanza de los y las bonaerenses est\u00e1 puesta en <strong>la vacuna contra el coronavirus<\/strong> porque implica que vuelven los abrazos, los encuentros y los sue\u00f1os que hubo que postergar\u201d. \u201c<strong>Nuestro plan de vacunaci\u00f3n es voluntario, gratuito y estatal<\/strong>. No se puede privatizar la vacuna porque la salud es un derecho\u201d, subray\u00f3 y agreg\u00f3: \u201cLa \u00fanica campa\u00f1a a la que estamos abocados las 24 horas es la de vacunaci\u00f3n, porque <strong>queremos que sea eficaz y confiable<\/strong> para proteger a la poblaci\u00f3n de riesgo lo m\u00e1s r\u00e1pido posible\u201d.<\/p>\n<p><img data-recalc-dims=\"1\" loading=\"lazy\" decoding=\"async\" class=\"aligncenter wp-image-15134 size-full\" src=\"https:\/\/i0.wp.com\/cdnoticias.com\/wp-content\/uploads\/2021\/03\/Aperturadesesiones2021-04.jpg?resize=800%2C445&#038;ssl=1\" alt=\"\" width=\"800\" height=\"445\" srcset=\"https:\/\/i0.wp.com\/cdnoticias.com\/wp-content\/uploads\/2021\/03\/Aperturadesesiones2021-04.jpg?w=800&amp;ssl=1 800w, https:\/\/i0.wp.com\/cdnoticias.com\/wp-content\/uploads\/2021\/03\/Aperturadesesiones2021-04.jpg?resize=300%2C167&amp;ssl=1 300w, https:\/\/i0.wp.com\/cdnoticias.com\/wp-content\/uploads\/2021\/03\/Aperturadesesiones2021-04.jpg?resize=768%2C427&amp;ssl=1 768w\" sizes=\"auto, (max-width: 800px) 100vw, 800px\" \/><\/p>\n<p>A su vez, detall\u00f3 <strong>proyectos que el Gobierno enviar\u00e1 a la Legislatura para apalancar la producci\u00f3n y el consumo<\/strong>, como la Ley de Fortalecimiento Productivo que incluye una moratoria general de impuestos patrimoniales, y la Ley de Monotributo Unificado destinada a simplificar el esquema impositivo para 800 mil monotributistas. En ese sentido enfatiz\u00f3: \u201cSe abre el camino de la reactivaci\u00f3n porque tenemos la convicci\u00f3n y la firme decisi\u00f3n de que la Provincia de Buenos Aires se ponga de pie y en marcha en 2021\u201d.<\/p>\n<p>&nbsp;<\/p>\n<p>\u201cEs hora de volver a empezar, <strong>nos merecemos escribir una p\u00e1gina nueva<\/strong>. Con las medidas que adoptaremos y el esfuerzo que vamos a realizar junto a los 135 municipios, con los que vamos a seguir trabajando unidos, este a\u00f1o comenzamos una historia con mucho futuro para la provincia de Buenos Aires\u201d, concluy\u00f3.<\/p>\n<p>&nbsp;<\/p>\n<p>Estuvieron presentes en el recinto la vicegobernadora Ver\u00f3nica Magario; el presidente de la C\u00e1mara de Diputados provincial, Federico Oterm\u00edn; el jefe de Gabinete, Carlos Bianco; la ministra de Gobierno, Teresa Garc\u00eda; la directora general de Cultura y Educaci\u00f3n, Agustina Vila; los ministros de Salud, Daniel Gollan; de Producci\u00f3n, Ciencia e Innovaci\u00f3n Tecnol\u00f3gica, Augusto Costa; y de Seguridad, Sergio Berni; y legisladores y legisladoras de los diferentes bloques, tanto de forma presencial como por videoconferencia.<\/p>\n","protected":false},"excerpt":{"rendered":"<p>Lo defini\u00f3 el Gobernador en el acto de la 149\u00b0 Apertura de Sesiones ordinarias en la Legislatura. El repaso 2020,<\/p>\n","protected":false},"author":4,"featured_media":15131,"comment_status":"closed","ping_status":"closed","sticky":false,"template":"","format":"standard","meta":{"_jetpack_memberships_contains_paid_content":false,"footnotes":""},"categories":[6],"tags":[],"class_list":["post-15128","post","type-post","status-publish","format-standard","has-post-thumbnail","hentry","category-nacionales"],"jetpack_featured_media_url":"https:\/\/i0.wp.com\/cdnoticias.com\/wp-content\/uploads\/2021\/03\/Aperturadesesiones2021-01.jpg?fit=800%2C445&ssl=1","jetpack_sharing_enabled":true,"_links":{"self":[{"href":"https:\/\/cdnoticias.com\/index.php\/wp-json\/wp\/v2\/posts\/15128","targetHints":{"allow":["GET"]}}],"collection":[{"href":"https:\/\/cdnoticias.com\/index.php\/wp-json\/wp\/v2\/posts"}],"about":[{"href":"https:\/\/cdnoticias.com\/index.php\/wp-json\/wp\/v2\/types\/post"}],"author":[{"embeddable":true,"href":"https:\/\/cdnoticias.com\/index.php\/wp-json\/wp\/v2\/users\/4"}],"replies":[{"embeddable":true,"href":"https:\/\/cdnoticias.com\/index.php\/wp-json\/wp\/v2\/comments?post=15128"}],"version-history":[{"count":0,"href":"https:\/\/cdnoticias.com\/index.php\/wp-json\/wp\/v2\/posts\/15128\/revisions"}],"wp:featuredmedia":[{"embeddable":true,"href":"https:\/\/cdnoticias.com\/index.php\/wp-json\/wp\/v2\/media\/15131"}],"wp:attachment":[{"href":"https:\/\/cdnoticias.com\/index.php\/wp-json\/wp\/v2\/media?parent=15128"}],"wp:term":[{"taxonomy":"category","embeddable":true,"href":"https:\/\/cdnoticias.com\/index.php\/wp-json\/wp\/v2\/categories?post=15128"},{"taxonomy":"post_tag","embeddable":true,"href":"https:\/\/cdnoticias.com\/index.php\/wp-json\/wp\/v2\/tags?post=15128"}],"curies":[{"name":"wp","href":"https:\/\/api.w.org\/{rel}","templated":true}]}}