{"id":151267,"date":"2025-02-07T18:16:45","date_gmt":"2025-02-07T21:16:45","guid":{"rendered":"https:\/\/cdnoticias.com\/?p=151267"},"modified":"2025-02-07T18:16:49","modified_gmt":"2025-02-07T21:16:49","slug":"se-viene-una-nueva-edicion-de-la-correcaminata-nocturna-y-ya-te-podes-inscribir","status":"publish","type":"post","link":"https:\/\/cdnoticias.com\/index.php\/2025\/02\/07\/se-viene-una-nueva-edicion-de-la-correcaminata-nocturna-y-ya-te-podes-inscribir\/","title":{"rendered":"Se viene una nueva edici\u00f3n de la Correcaminata Nocturna y ya te pod\u00e9s inscribir"},"content":{"rendered":"\n<p>Ser\u00e1 la tercera de la temporada. En esta ocasi\u00f3n, se desarrollar\u00e1 en Sierras Bayas, m\u00e1s precisamente en el Club San Mart\u00edn. Conoc\u00e9 los detalles.<\/p>\n\n\n\n<hr class=\"wp-block-separator aligncenter has-alpha-channel-opacity\"\/>\n\n\n\n<p>El Municipio de Olavarr\u00eda reitera la invitaci\u00f3n a participar de la <strong>tercera edici\u00f3n de la Correcaminata Nocturna, Temporada 2024\/2025, enmarcada en el Programa Municipal Olavarr\u00eda en Verano. El evento tendr\u00e1 lugar en Sierras Bayas, con punto de encuentro en el club San Mart\u00edn,<\/strong> donde adem\u00e1s de ser el punto de largada y llegada de la prueba pedestre, tendr\u00e1n lugar all\u00ed tambi\u00e9n propuestas recreativas para todas las edades.<\/p>\n\n\n\n<p>La propuesta se realizar\u00e1 el pr\u00f3ximo <strong>jueves 13 de febrero, a partir de las 19 horas. Si bien el evento es libre y gratuito, las personas interesadas en participar de la prueba principal deber\u00e1n anotarse previamente, <\/strong>pudi\u00e9ndolo hacer a trav\u00e9s del<a href=\"https:\/\/docs.google.com\/forms\/d\/e\/1FAIpQLScPZC6LwNE_aNBnJtRFuA7y3Gq4jy3oEClCg4HK8TcvR7wxLw\/viewform\" target=\"_blank\" rel=\"noreferrer noopener\"> formulario online al que se accede haciendo click aqu\u00ed.<\/a><\/p>\n\n\n\n<p>El programa contempla, como inicio de la actividad, <strong>una clase abierta de gimnasia, encabezada por profesoras del staff de la Direcci\u00f3n de Deporte Social del Municipio.<\/strong><\/p>\n\n\n\n<p>Luego, desde las<strong> 20 horas, dar\u00e1n comienzo las pruebas y carreras para chicos y chicas, uno de los momentos m\u00e1s divertidos, pero tambi\u00e9n emotivos que presentan las Correcaminatas.<\/strong><\/p>\n\n\n\n<p>Posteriormente<strong>, alrededor de las 21 horas, ser\u00e1 el momento m\u00e1s esperado con la largada de la prueba central, que tendr\u00e1 un trazado de 3 kil\u00f3metros en los que se recorrer\u00e1n distintos puntos de la localidad. <\/strong>Se recuerda que el objetivo de la propuesta es seguir promoviendo h\u00e1bitos saludables y la participaci\u00f3n de cada vez m\u00e1s personas, por lo que <strong>el recorrido est\u00e1 dise\u00f1ado tanto para realizarlo en velocidad como de manera recreativa caminando.<\/strong><\/p>\n","protected":false},"excerpt":{"rendered":"<p>Ser\u00e1 la tercera de la temporada. En esta ocasi\u00f3n, se desarrollar\u00e1 en Sierras Bayas, m\u00e1s precisamente en el Club San<\/p>\n","protected":false},"author":2,"featured_media":134786,"comment_status":"closed","ping_status":"closed","sticky":false,"template":"","format":"standard","meta":{"_jetpack_memberships_contains_paid_content":false,"footnotes":""},"categories":[38],"tags":[],"class_list":["post-151267","post","type-post","status-publish","format-standard","has-post-thumbnail","hentry","category-pedestrismo"],"jetpack_featured_media_url":"https:\/\/i0.wp.com\/cdnoticias.com\/wp-content\/uploads\/2025\/01\/Correcaminata-Loma-Negra-web-48.jpg?fit=1400%2C931&ssl=1","jetpack_sharing_enabled":true,"_links":{"self":[{"href":"https:\/\/cdnoticias.com\/index.php\/wp-json\/wp\/v2\/posts\/151267","targetHints":{"allow":["GET"]}}],"collection":[{"href":"https:\/\/cdnoticias.com\/index.php\/wp-json\/wp\/v2\/posts"}],"about":[{"href":"https:\/\/cdnoticias.com\/index.php\/wp-json\/wp\/v2\/types\/post"}],"author":[{"embeddable":true,"href":"https:\/\/cdnoticias.com\/index.php\/wp-json\/wp\/v2\/users\/2"}],"replies":[{"embeddable":true,"href":"https:\/\/cdnoticias.com\/index.php\/wp-json\/wp\/v2\/comments?post=151267"}],"version-history":[{"count":0,"href":"https:\/\/cdnoticias.com\/index.php\/wp-json\/wp\/v2\/posts\/151267\/revisions"}],"wp:featuredmedia":[{"embeddable":true,"href":"https:\/\/cdnoticias.com\/index.php\/wp-json\/wp\/v2\/media\/134786"}],"wp:attachment":[{"href":"https:\/\/cdnoticias.com\/index.php\/wp-json\/wp\/v2\/media?parent=151267"}],"wp:term":[{"taxonomy":"category","embeddable":true,"href":"https:\/\/cdnoticias.com\/index.php\/wp-json\/wp\/v2\/categories?post=151267"},{"taxonomy":"post_tag","embeddable":true,"href":"https:\/\/cdnoticias.com\/index.php\/wp-json\/wp\/v2\/tags?post=151267"}],"curies":[{"name":"wp","href":"https:\/\/api.w.org\/{rel}","templated":true}]}}