{"id":151265,"date":"2025-02-08T09:30:52","date_gmt":"2025-02-08T12:30:52","guid":{"rendered":"https:\/\/cdnoticias.com\/?p=151265"},"modified":"2025-02-08T12:35:14","modified_gmt":"2025-02-08T15:35:14","slug":"trabajos-de-limpieza-en-parque-arano-y-en-el-camino-a-la-piedra","status":"publish","type":"post","link":"https:\/\/cdnoticias.com\/index.php\/2025\/02\/08\/trabajos-de-limpieza-en-parque-arano-y-en-el-camino-a-la-piedra\/","title":{"rendered":"Trabajos de limpieza en Parque Arano y en el Camino a la Piedra"},"content":{"rendered":"\n<p>Las jornadas se llevaron a cabo este viernes como respuesta al pedido planteado por vecinos y vecinas en los distintos puntos de la ciudad.\u00a0<\/p>\n\n\n\n<hr class=\"wp-block-separator aligncenter has-alpha-channel-opacity\"\/>\n\n\n\n<p>En la jornada de este viernes se desplegaron<strong> tareas de limpieza y mantenimiento hidr\u00e1ulico en el Parque Arano, <\/strong>en la continuidad de las labores que de manera permanente se despliegan desde la Secretar\u00eda de Obras, Infraestructura y Servicios P\u00fablicos en distintos puntos de todo el Partido.<\/p>\n\n\n\n<p><\/p>\n\n\n\n<p>De acuerdo con lo que se detall\u00f3, se llev\u00f3 a cabo el<strong> saneamiento de la cuneta, canales y alcantarillas ubicadas tanto sobre la avenida Pueyrred\u00f3n<\/strong> y tambi\u00e9n sobre <strong>un tramo de la calle Vicente Bah\u00eda<\/strong>. En el lugar se dispuso el trabajo de una retroexcavadora y camiones para llevar la carga de tierra, residuos y pastizales recogidos del lugar. <\/p>\n\n\n\n<p><\/p>\n\n\n\n<p>Adem\u00e1s, se destac\u00f3 que de manera paralela, equipos y personal de las distintas \u00e1reas que integran dicha Secretar\u00eda <strong>contin\u00faan con el dispositivo de abordaje integral <\/strong>que a mediados de la corriente semana se inicio <strong>en el barrio AOMA.\u00a0<\/strong><\/p>\n\n\n\n<p><\/p>\n\n\n\n<p>En este sentido, se realizaron labores de <strong>lijado y pintura de juegos en las plazas<\/strong>, como as\u00ed tambi\u00e9n de<strong> limpieza y mantenimiento de calles y caminos.<\/strong><\/p>\n\n\n\n<p><\/p>\n\n\n\n<figure class=\"wp-block-image aligncenter size-full\"><img data-recalc-dims=\"1\" loading=\"lazy\" decoding=\"async\" width=\"800\" height=\"433\" src=\"https:\/\/i0.wp.com\/cdnoticias.com\/wp-content\/uploads\/2025\/02\/mantenimieto-parque-arano-ycamino-piedra1.png?resize=800%2C433&#038;ssl=1\" alt=\"\" class=\"wp-image-151269\" srcset=\"https:\/\/i0.wp.com\/cdnoticias.com\/wp-content\/uploads\/2025\/02\/mantenimieto-parque-arano-ycamino-piedra1.png?w=890&amp;ssl=1 890w, https:\/\/i0.wp.com\/cdnoticias.com\/wp-content\/uploads\/2025\/02\/mantenimieto-parque-arano-ycamino-piedra1.png?resize=300%2C162&amp;ssl=1 300w, https:\/\/i0.wp.com\/cdnoticias.com\/wp-content\/uploads\/2025\/02\/mantenimieto-parque-arano-ycamino-piedra1.png?resize=768%2C416&amp;ssl=1 768w\" sizes=\"auto, (max-width: 800px) 100vw, 800px\" \/><\/figure>\n\n\n\n<p><\/p>\n\n\n\n<p>Por otra parte, este viernes se llev\u00f3 a cabo<strong> la limpieza de un basural a cielo abierto en el Camino a la Piedra, <\/strong>en el tramo ubicado<strong> entre las localidades de Colonia San Miguel y Villa M\u00f3nica.\u00a0<\/strong><\/p>\n\n\n\n<p><\/p>\n\n\n\n<blockquote class=\"wp-block-quote is-layout-flow wp-block-quote-is-layout-flow\">\n<p>En este sentido, se pidi\u00f3 la colaboraci\u00f3n pero tambi\u00e9n a la racionalidad de toda la comunidad para que se adopten conductas responsables en cuanto a la disposici\u00f3n de residuos, arroj\u00e1ndolos \u00fanicamente en sectores y\/o contenedores habilitados para tal fin.<\/p>\n<\/blockquote>\n\n\n\n<p><\/p>\n\n\n\n<p>Los trabajos se prolongaron durante la mayor parte de la ma\u00f1ana y demandaron la labor conjunta y complementaria de una retropala y varios camiones de carga, para poder retirar todos los residuos del lugar.<\/p>\n\n\n\n<p><\/p>\n\n\n\n<p>Las tareas surgen no s\u00f3lo del relevamiento continuo que se hace desde las distintas \u00e1reas que integran la Secretar\u00eda de Obras, Infraestructura y Servicios P\u00fablicos, sino tambi\u00e9n como<strong> respuesta al pedido planteado por vecinos y vecinas <\/strong>de ese punto del Partido.<\/p>\n\n\n\n<p><\/p>\n\n\n\n<figure class=\"wp-block-image aligncenter size-full\"><img data-recalc-dims=\"1\" loading=\"lazy\" decoding=\"async\" width=\"800\" height=\"476\" src=\"https:\/\/i0.wp.com\/cdnoticias.com\/wp-content\/uploads\/2025\/02\/mantenimieto-parque-arano-ycamino-piedra.png?resize=800%2C476&#038;ssl=1\" alt=\"\" class=\"wp-image-151270\" srcset=\"https:\/\/i0.wp.com\/cdnoticias.com\/wp-content\/uploads\/2025\/02\/mantenimieto-parque-arano-ycamino-piedra.png?w=879&amp;ssl=1 879w, https:\/\/i0.wp.com\/cdnoticias.com\/wp-content\/uploads\/2025\/02\/mantenimieto-parque-arano-ycamino-piedra.png?resize=300%2C178&amp;ssl=1 300w, https:\/\/i0.wp.com\/cdnoticias.com\/wp-content\/uploads\/2025\/02\/mantenimieto-parque-arano-ycamino-piedra.png?resize=768%2C457&amp;ssl=1 768w\" sizes=\"auto, (max-width: 800px) 100vw, 800px\" \/><\/figure>\n\n\n\n<p><\/p>\n\n\n\n<blockquote class=\"wp-block-quote is-layout-flow wp-block-quote-is-layout-flow\">\n<p>Vale destacar que el basural se hab\u00eda generado adem\u00e1s sobre una curva, en un camino que es utilizado de manera cotidiana y frecuentes por veh\u00edculos de gran porte, lo cual da la pauta que se estaba no s\u00f3lo ante un riesgo ambiental, sino tambi\u00e9n de seguridad vial.\u00a0En detalle, se detectaron la presencia de residuos s\u00f3lidos, electr\u00f3nicos e inclusive autopartes, adem\u00e1s de roedores.<\/p>\n<\/blockquote>\n\n\n\n<p><\/p>\n\n\n\n<p>Por \u00faltimo se reitera el<strong> pedido de colaboraci\u00f3n a toda la comunidad<\/strong> para que deponga este tipo de actitudes, que adem\u00e1s son<strong> pasibles de sanciones y multas.<\/strong><\/p>\n\n\n\n<p><\/p>\n\n\n\n<figure class=\"wp-block-image aligncenter size-full\"><img data-recalc-dims=\"1\" loading=\"lazy\" decoding=\"async\" width=\"800\" height=\"482\" src=\"https:\/\/i0.wp.com\/cdnoticias.com\/wp-content\/uploads\/2025\/02\/mantenimieto-parque-arano-ycamino-piedra2.png?resize=800%2C482&#038;ssl=1\" alt=\"\" class=\"wp-image-151268\" srcset=\"https:\/\/i0.wp.com\/cdnoticias.com\/wp-content\/uploads\/2025\/02\/mantenimieto-parque-arano-ycamino-piedra2.png?w=875&amp;ssl=1 875w, https:\/\/i0.wp.com\/cdnoticias.com\/wp-content\/uploads\/2025\/02\/mantenimieto-parque-arano-ycamino-piedra2.png?resize=300%2C181&amp;ssl=1 300w, https:\/\/i0.wp.com\/cdnoticias.com\/wp-content\/uploads\/2025\/02\/mantenimieto-parque-arano-ycamino-piedra2.png?resize=768%2C463&amp;ssl=1 768w\" sizes=\"auto, (max-width: 800px) 100vw, 800px\" \/><\/figure>\n","protected":false},"excerpt":{"rendered":"<p>Las jornadas se llevaron a cabo este viernes como respuesta al pedido planteado por vecinos y vecinas en los distintos<\/p>\n","protected":false},"author":6,"featured_media":151266,"comment_status":"closed","ping_status":"closed","sticky":false,"template":"","format":"standard","meta":{"_jetpack_memberships_contains_paid_content":false,"footnotes":""},"categories":[5,1],"tags":[],"class_list":["post-151265","post","type-post","status-publish","format-standard","has-post-thumbnail","hentry","category-informacion-general","category-portada"],"jetpack_featured_media_url":"https:\/\/i0.wp.com\/cdnoticias.com\/wp-content\/uploads\/2025\/02\/mantenimieto-parque-arano-ycamino-piedra3.png?fit=893%2C502&ssl=1","jetpack_sharing_enabled":true,"_links":{"self":[{"href":"https:\/\/cdnoticias.com\/index.php\/wp-json\/wp\/v2\/posts\/151265","targetHints":{"allow":["GET"]}}],"collection":[{"href":"https:\/\/cdnoticias.com\/index.php\/wp-json\/wp\/v2\/posts"}],"about":[{"href":"https:\/\/cdnoticias.com\/index.php\/wp-json\/wp\/v2\/types\/post"}],"author":[{"embeddable":true,"href":"https:\/\/cdnoticias.com\/index.php\/wp-json\/wp\/v2\/users\/6"}],"replies":[{"embeddable":true,"href":"https:\/\/cdnoticias.com\/index.php\/wp-json\/wp\/v2\/comments?post=151265"}],"version-history":[{"count":0,"href":"https:\/\/cdnoticias.com\/index.php\/wp-json\/wp\/v2\/posts\/151265\/revisions"}],"wp:featuredmedia":[{"embeddable":true,"href":"https:\/\/cdnoticias.com\/index.php\/wp-json\/wp\/v2\/media\/151266"}],"wp:attachment":[{"href":"https:\/\/cdnoticias.com\/index.php\/wp-json\/wp\/v2\/media?parent=151265"}],"wp:term":[{"taxonomy":"category","embeddable":true,"href":"https:\/\/cdnoticias.com\/index.php\/wp-json\/wp\/v2\/categories?post=151265"},{"taxonomy":"post_tag","embeddable":true,"href":"https:\/\/cdnoticias.com\/index.php\/wp-json\/wp\/v2\/tags?post=151265"}],"curies":[{"name":"wp","href":"https:\/\/api.w.org\/{rel}","templated":true}]}}